{"id":21667,"date":"2021-11-23T15:47:53","date_gmt":"2021-11-23T18:47:53","guid":{"rendered":"https:\/\/www.ifbaiano.edu.br\/unidades\/lapa\/?p=21667"},"modified":"2021-11-23T16:03:27","modified_gmt":"2021-11-23T19:03:27","slug":"congresso-do-if-baiano-23-a-26-de-novembro-de-2021","status":"publish","type":"post","link":"https:\/\/www.ifbaiano.edu.br\/unidades\/lapa\/2021\/11\/23\/congresso-do-if-baiano-23-a-26-de-novembro-de-2021\/","title":{"rendered":"Congresso do IF Baiano  &#8211; 23 a 26 de novembro de 2021"},"content":{"rendered":"\n<p>O Congresso do IF Baiano intitulado de \u201c<strong>Ci\u00eancia, cultura digital e inova\u00e7\u00e3o: a produ\u00e7\u00e3o do conhecimento no Ensino, Extens\u00e3o, Pesquisa e Internacionaliza\u00e7\u00e3o em contexto de Pandemia<\/strong>\u201c, realiza a sua 2a edi\u00e7\u00e3o em 2021 e agrega a\u00e7\u00f5es, palestras e resultados de trabalhos e projetos no \u00e2mbito do Ensino, Extens\u00e3o, Desenvolvimento Institucional, Pesquisa e Inova\u00e7\u00e3o. Em formato on-line, o II Congresso representa um espa\u00e7o dial\u00f3gico e de interc\u00e2mbio em n\u00edvel nacional e internacional entre estudantes, extensionistas, profissionais da educa\u00e7\u00e3o, pesquisadores(as), gestores(as) para que possam encontrar pontos em comum e oportunidades de reconstru\u00e7\u00e3o solid\u00e1ria no que se refere \u00e0s pr\u00e1ticas pedag\u00f3gicas, gest\u00e3o, conhecimentos, pesquisa e inova\u00e7\u00e3o, diversidade, inclus\u00e3o, g\u00eanero e as culturas digitais na educa\u00e7\u00e3o.<\/p>\n\n\n\n<p>\u00c9 tempo de esperan\u00e7ar e reconstruir a educa\u00e7\u00e3o a partir de boas pr\u00e1ticas, de novas perspectivas, solu\u00e7\u00f5es e ideias com o intuito de apoiar e oferecer melhor qualidade de vida a todas as pessoas. Nesta 2a edi\u00e7\u00e3o, reuniremos os seguintes eventos: a&nbsp;<strong>Mostra de Inicia\u00e7\u00e3o Cient\u00edfica<\/strong>&nbsp;(MIC 2021), o&nbsp;<strong>Semin\u00e1rio Institucional da P\u00f3s-Gradua\u00e7\u00e3o<\/strong>&nbsp;(II SIP), o&nbsp;<strong>Simp\u00f3sio de Internacionaliza\u00e7\u00e3o<\/strong>&nbsp;(II Sinter), o&nbsp;<strong>Semin\u00e1rio de Extens\u00e3o, Inova\u00e7\u00e3o e Cultura<\/strong>&nbsp;(III SEIC), al\u00e9m de outros temas agregados.<\/p>\n\n\n\n<p>Com o \u00eaxito de p\u00fablico e objetivos alcan\u00e7ados na edi\u00e7\u00e3o anterior, ainda enfrentando a pandemia de Covid-19, propomos, em 2021, reunir discuss\u00f5es em torno do tema central, envolvendo desde a educa\u00e7\u00e3o profissional t\u00e9cnica de n\u00edvel m\u00e9dio \u00e0 p\u00f3s-gradua\u00e7\u00e3o. A realiza\u00e7\u00e3o do evento tem \u00e0 frente uma atua\u00e7\u00e3o conjunta entre a Pr\u00f3-Reitoria de Pesquisa e Inova\u00e7\u00e3o, Pr\u00f3-Reitoria de Ensino, Pr\u00f3-Reitoria de Extens\u00e3o e Pr\u00f3-Reitoria de Desenvolvimento Institucional, gerenciadas pela Reitoria do IF BAIANO. Em comum acordo, entendemos que o tema proposto se apresenta como o mais apropriado para esse momento, em virtude das urg\u00eancias a serem discutidas e debatidas por toda a comunidade acad\u00eamica e cient\u00edfica de nossa institui\u00e7\u00e3o.<\/p>\n\n\n\n<p>O congresso ocorrer\u00e1 de modo online, pela plataforma RNP, no per\u00edodo 23 a 26 de novembro de 2021, com palestras, mesa-redonda, atra\u00e7\u00f5es art\u00edsticas, apresenta\u00e7\u00e3o de comunica\u00e7\u00f5es e premia\u00e7\u00f5es.<\/p>\n\n\n\n<p>Voc\u00ea \u00e9 nosso(a) convidado(a) para acompanhar, compartilhar experi\u00eancias e construir conhecimento neste espa\u00e7o que evidencia a ci\u00eancia, cultura digital e inova\u00e7\u00e3o.<\/p>\n\n\n\n<p><span style=\"text-transform:uppercase\">Link da programa\u00e7\u00e3o<\/span>:&nbsp;<a target=\"_blank\" href=\"https:\/\/eventos.ifbaiano.edu.br\/portal\/congresso\/programacao-2021\/\" rel=\"noreferrer noopener\">https:\/\/eventos.ifbaiano.edu.br\/portal\/congresso\/programacao-2021\/<\/a><\/p>\n\n\n\n<p><strong>23 de novembro de 2021<\/strong><\/p>\n\n\n\n<p><strong>1.&nbsp;<a href=\"https:\/\/conferenciaweb.rnp.br\/webconf\/propes-ifbaiano\" target=\"_blank\" rel=\"noreferrer noopener\">Abertura Oficial<\/a><\/strong><br>Reitor Substituto: Marcelito Trindade Almeida<br>Secret\u00e1ria de Ci\u00eancia, Tecnologia e Inova\u00e7\u00e3o do Estado da Bahia: Ad\u00e9lia Maria Carvalho de Melo Pinheiro<br>Pr\u00f3-Reitora de Desenvolvimento Institucional: Hildonice de Souza Batista<br>Pr\u00f3-Reitor de Ensino: Ariomar Rodrigues dos Santos<br>Pr\u00f3-Reitor de Extens\u00e3o: Rafael Oliva Trocoli<br>Pr\u00f3-Reitora de Pesquisa e Inova\u00e7\u00e3o: Luciana Mazzutti<br>Diretor Geral: Geovane Lima Guimaraes<\/p>\n\n\n\n<p><strong>2<\/strong>.&nbsp;<strong><a href=\"https:\/\/conferenciaweb.rnp.br\/webconf\/propes-ifbaiano\" target=\"_blank\" rel=\"noreferrer noopener\">Confer\u00eancia de Abertura: Diversidade \u00e9 inova\u00e7\u00e3o na C&amp;T.<\/a><\/strong><\/p>\n\n\n\n<p>Palestrante:&nbsp;<a href=\"http:\/\/lattes.cnpq.br\/8433607360245647\" target=\"_blank\" rel=\"noreferrer noopener\">Anna Maria Canavarro Benite<\/a>&nbsp;(UFG)<br>Mediadores: HIldonice de Souza Batista<\/p>\n\n\n\n<p><strong>3.&nbsp;<a href=\"https:\/\/conferenciaweb.rnp.br\/webconf\/cifbaiano2\" target=\"_blank\" rel=\"noreferrer noopener\">Populariza\u00e7\u00e3o da ci\u00eancia: caminhos a seguir<\/a><\/strong><br>Media\u00e7\u00e3o: Cristina Mascarenhas (Diretoria de Comunica\u00e7\u00e3o \u2013 IF Baiano)<br>Palestrantes: B\u00e1rbara Souza (IFBA); Cristiane Santana; Fabr\u00edcio Gama; Felipe Peres Calheiros (TVE Bahia) e Rubens Sampaio (UESB)<\/p>\n\n\n\n<p><strong>4.&nbsp;<a href=\"https:\/\/conferenciaweb.rnp.br\/webconf\/proex-ifbaiano\" target=\"_blank\" rel=\"noreferrer noopener\">Relatos de enfrentamento a COVID-19 e Novas Perspectivas&nbsp; \u2013 Edital 52\/2020<\/a>&nbsp;<\/strong>Mediador: Rafael Oliva Trocoli<br>Convidados: Aline dos Santos Lima, Helyom Rog\u00e9rio Reis Viana da Silva Teles, Juracir Silva Santos e Roberta Santos<\/p>\n\n\n\n<p><strong>5.&nbsp;<a href=\"https:\/\/conferenciaweb.rnp.br\/webconf\/proen-ifbaiano\" target=\"_blank\" rel=\"noreferrer noopener\">Pandemia e sa\u00fade mental: redes sociais e tecnologias da informa\u00e7\u00e3o como ferramentas de cuidado<\/a><\/strong><br>Psic\u00f3loga Catarina Prado Sakai<br>Psic\u00f3loga Tu\u00edra Magalh\u00e3es da Silva Teixeira<br>Mediadora: Profa. Patr\u00edcia Vaz<\/p>\n\n\n\n<p><strong>Apresenta\u00e7\u00e3o de trabalhos<\/strong>:&nbsp;<strong><a href=\"https:\/\/eventos.ifbaiano.edu.br\/portal\/congresso\/iii-seminario-de-extensao-inovacao-e-cultura-2021\/\" target=\"_blank\" rel=\"noreferrer noopener\">IIISEIC<\/a><\/strong>&nbsp;\u2013 Pr\u00e1ticas de inicia\u00e7\u00e3o cient\u00edfica: questionar \u00e9 preciso \u2013 IC Gradua\u00e7\u00e3o&nbsp;<strong>Apresenta\u00e7\u00e3o de trabalhos<\/strong>:&nbsp;<a href=\"https:\/\/eventos.ifbaiano.edu.br\/portal\/congresso\/viii-mostra-de-iniciacao-cientifica-2021\/\" target=\"_blank\" rel=\"noreferrer noopener\"><strong>MIC<\/strong>&nbsp;<strong>2021<\/strong><\/a>&nbsp;\u2013 Pr\u00e1ticas de inicia\u00e7\u00e3o cient\u00edfica: questionar \u00e9 preciso \u2013 IC Gradua\u00e7\u00e3o<br><strong>Apresenta\u00e7\u00e3o de trabalhos<\/strong>:&nbsp;<strong><a href=\"https:\/\/eventos.ifbaiano.edu.br\/portal\/congresso\/ii-seminario-institucional-de-pos-graduacao-2021\/\" target=\"_blank\" rel=\"noreferrer noopener\">IISIP&nbsp;<\/a><\/strong>\u2013 Trabalhos dos P\u00f3s-Gradua\u00e7\u00e3o do IF Baiano<\/p>\n\n\n\n<p><strong>Apresenta\u00e7\u00e3o Cultural \u2013&nbsp;<a href=\"https:\/\/conferenciaweb.rnp.br\/webconf\/cifbaiano9\" target=\"_blank\" rel=\"noreferrer noopener\">A arte do encontro: cultura, pesquisa, extens\u00e3o, internacionaliza\u00e7\u00e3o e divers\u00e3o<\/a><\/strong><\/p>\n\n\n\n<p><strong>6.&nbsp;<a href=\"https:\/\/conferenciaweb.rnp.br\/webconf\/propes-ifbaiano\" target=\"_blank\" rel=\"noreferrer noopener\">Macroprojetos e Narrativas da Pesquisa<\/a><\/strong><br>Media\u00e7\u00e3o:&nbsp;<a href=\"http:\/\/lattes.cnpq.br\/8028408939709988\" target=\"_blank\" rel=\"noreferrer noopener\">Eduardo Perovano<\/a>&nbsp;(IF Baiano\/Coordena\u00e7\u00e3o Geral de P\u00f3s-Gradua\u00e7\u00e3o \u2013 CGPG\/PROPES)<br>Convidado:&nbsp;<a href=\"http:\/\/lattes.cnpq.br\/1036927716832874\" target=\"_blank\" rel=\"noreferrer noopener\">Alexsandro dos Santos Brito<\/a>&nbsp;(IF Baiano\/<em>Campus&nbsp;<\/em>Guanambi)<br><strong>Fonte<\/strong>: site do evento<\/p>\n","protected":false},"excerpt":{"rendered":"<p>O Congresso do IF Baiano intitulado de \u201cCi\u00eancia, cultura digital e inova\u00e7\u00e3o: a produ\u00e7\u00e3o do conhecimento no Ensino, Extens\u00e3o, Pesquisa e Internacionaliza\u00e7\u00e3o em contexto de Pandemia\u201c, realiza a sua 2a edi\u00e7\u00e3o em 2021 e agrega a\u00e7\u00f5es, palestras e resultados de trabalhos e projetos no \u00e2mbito do Ensino, Extens\u00e3o, Desenvolvimento Institucional, Pesquisa e Inova\u00e7\u00e3o. Em formato [&hellip;]<\/p>\n","protected":false},"author":100,"featured_media":0,"comment_status":"open","ping_status":"open","sticky":false,"template":"","format":"standard","meta":[],"categories":[64,24,40,65],"tags":[],"_links":{"self":[{"href":"https:\/\/www.ifbaiano.edu.br\/unidades\/lapa\/wp-json\/wp\/v2\/posts\/21667"}],"collection":[{"href":"https:\/\/www.ifbaiano.edu.br\/unidades\/lapa\/wp-json\/wp\/v2\/posts"}],"about":[{"href":"https:\/\/www.ifbaiano.edu.br\/unidades\/lapa\/wp-json\/wp\/v2\/types\/post"}],"author":[{"embeddable":true,"href":"https:\/\/www.ifbaiano.edu.br\/unidades\/lapa\/wp-json\/wp\/v2\/users\/100"}],"replies":[{"embeddable":true,"href":"https:\/\/www.ifbaiano.edu.br\/unidades\/lapa\/wp-json\/wp\/v2\/comments?post=21667"}],"version-history":[{"count":2,"href":"https:\/\/www.ifbaiano.edu.br\/unidades\/lapa\/wp-json\/wp\/v2\/posts\/21667\/revisions"}],"predecessor-version":[{"id":21669,"href":"https:\/\/www.ifbaiano.edu.br\/unidades\/lapa\/wp-json\/wp\/v2\/posts\/21667\/revisions\/21669"}],"wp:attachment":[{"href":"https:\/\/www.ifbaiano.edu.br\/unidades\/lapa\/wp-json\/wp\/v2\/media?parent=21667"}],"wp:term":[{"taxonomy":"category","embeddable":true,"href":"https:\/\/www.ifbaiano.edu.br\/unidades\/lapa\/wp-json\/wp\/v2\/categories?post=21667"},{"taxonomy":"post_tag","embeddable":true,"href":"https:\/\/www.ifbaiano.edu.br\/unidades\/lapa\/wp-json\/wp\/v2\/tags?post=21667"}],"curies":[{"name":"wp","href":"https:\/\/api.w.org\/{rel}","templated":true}]}}