{"id":2172,"date":"2014-03-28T11:04:05","date_gmt":"2014-03-28T13:04:05","guid":{"rendered":"http:\/\/www.ifbaiano.edu.br\/unidades\/lapa\/?p=2172"},"modified":"2014-03-28T11:04:05","modified_gmt":"2014-03-28T13:04:05","slug":"lapprudes-realiza-o-modulo-ii-do-curso-de-agroecologia-para-areas-de-reforma-agraria","status":"publish","type":"post","link":"https:\/\/www.ifbaiano.edu.br\/unidades\/lapa\/2014\/03\/28\/lapprudes-realiza-o-modulo-ii-do-curso-de-agroecologia-para-areas-de-reforma-agraria\/","title":{"rendered":"LaPPRuDes realiza o M\u00f3dulo II do Curso de Agroecologia para \u00c1reas de Reforma Agr\u00e1ria"},"content":{"rendered":"<p>Evento acontece dias 28 e 29 de mar\u00e7o.<\/p>\n<p><!--more--><\/p>\n<p>Dias 28 e 29 de mar\u00e7o de 2014, o LaPPRuDes realizar\u00e1 o M\u00f3dulo II do Curso de Agroecologia para \u00c1reas de Reforma Agr\u00e1ria, que ser\u00e1 realizado no Campus Bom Jesus da Lapa e no Projeto Agroextrativista S\u00e3o Francisco em Serra do Ramalho. Neste m\u00f3dulo, a turma ir\u00e1 conhecer o Plano Nacional de Agroecologia e Produ\u00e7\u00e3o Org\u00e2nica &#8211; PLANAPO e avaliar\u00e1 o in\u00edcio da implanta\u00e7\u00e3o da \u00e1rea experimental agroecol\u00f3gica na comunidade de Barra de Ipueiras, localizada no PAE S\u00e3o Francisco. Como esta turma est\u00e1 j\u00e1 em andamento, interessados em iniciar nas novas turmas podem se inscrever no site do LaPPRuDes:<\/p>\n<p>ww.lapprudes.com<\/p>\n<p>&nbsp;<\/p>\n<p>FONTE: Coordena\u00e7\u00e3o do Laborat\u00f3rio<\/p>\n","protected":false},"excerpt":{"rendered":"<p>Evento acontece dias 28 e 29 de mar\u00e7o.<\/p>\n","protected":false},"author":36,"featured_media":0,"comment_status":"open","ping_status":"open","sticky":false,"template":"","format":"standard","meta":[],"categories":[1],"tags":[],"_links":{"self":[{"href":"https:\/\/www.ifbaiano.edu.br\/unidades\/lapa\/wp-json\/wp\/v2\/posts\/2172"}],"collection":[{"href":"https:\/\/www.ifbaiano.edu.br\/unidades\/lapa\/wp-json\/wp\/v2\/posts"}],"about":[{"href":"https:\/\/www.ifbaiano.edu.br\/unidades\/lapa\/wp-json\/wp\/v2\/types\/post"}],"author":[{"embeddable":true,"href":"https:\/\/www.ifbaiano.edu.br\/unidades\/lapa\/wp-json\/wp\/v2\/users\/36"}],"replies":[{"embeddable":true,"href":"https:\/\/www.ifbaiano.edu.br\/unidades\/lapa\/wp-json\/wp\/v2\/comments?post=2172"}],"version-history":[{"count":2,"href":"https:\/\/www.ifbaiano.edu.br\/unidades\/lapa\/wp-json\/wp\/v2\/posts\/2172\/revisions"}],"predecessor-version":[{"id":2174,"href":"https:\/\/www.ifbaiano.edu.br\/unidades\/lapa\/wp-json\/wp\/v2\/posts\/2172\/revisions\/2174"}],"wp:attachment":[{"href":"https:\/\/www.ifbaiano.edu.br\/unidades\/lapa\/wp-json\/wp\/v2\/media?parent=2172"}],"wp:term":[{"taxonomy":"category","embeddable":true,"href":"https:\/\/www.ifbaiano.edu.br\/unidades\/lapa\/wp-json\/wp\/v2\/categories?post=2172"},{"taxonomy":"post_tag","embeddable":true,"href":"https:\/\/www.ifbaiano.edu.br\/unidades\/lapa\/wp-json\/wp\/v2\/tags?post=2172"}],"curies":[{"name":"wp","href":"https:\/\/api.w.org\/{rel}","templated":true}]}}