{"id":21861,"date":"2021-12-09T17:03:05","date_gmt":"2021-12-09T20:03:05","guid":{"rendered":"https:\/\/www.ifbaiano.edu.br\/unidades\/lapa\/?p=21861"},"modified":"2021-12-09T17:15:31","modified_gmt":"2021-12-09T20:15:31","slug":"plano-de-contingencia-local-2","status":"publish","type":"post","link":"https:\/\/www.ifbaiano.edu.br\/unidades\/lapa\/2021\/12\/09\/plano-de-contingencia-local-2\/","title":{"rendered":"Plano de Conting\u00eancia Local &#8211; Protocolo Setorial &#8211; Campus Bom Jesus da Lapa"},"content":{"rendered":"\n<p align=\"justify\">O Diretor-Geral do Instituto Federal Baiano &#8211; Campus Bom Jesus da Lapa aprovou\u00a0na \u00faltima quarta-feira\u00a0(08\/12), a atualiza\u00e7\u00e3o do\u00a0<strong>Plano de Conting\u00eancia Local &#8211; Protocolo Setorial &#8211; Campus Bom Jesus da Lapa (Vers\u00e3o 2.2021)<\/strong>\u00a0para o retorno das atividades presenciais (acad\u00eamicas e administrativas) e \u00e0 preven\u00e7\u00e3o \u00e0 dissemina\u00e7\u00e3o do novo Coronav\u00edrus no ambiente escolar, enquanto perdurar a situa\u00e7\u00e3o de excepcionalidade provocada pela pandemia da Covid-19 (Sars-Cov-2).<br>A atualiza\u00e7\u00e3o do documento foi realizada pelo Comit\u00ea Local de Acompanhamento da Amea\u00e7a do Coronav\u00edrus (COVID-19) deste campus e foi aprovada pela Dire\u00e7\u00e3o-Geral, conforme Portaria\u00a0109\/2021, de 8 de\u00a0dezembro de 2021.<\/p>\n<p align=\"justify\">O Plano de Contingenciamento &#8211;\u00a0Protocolo Setorial\u00a0 traz como objetivo orientar a comunidade\u00a0interna e externa, usu\u00e1rias dos servi\u00e7os do campus,\u00a0 para a manuten\u00e7\u00e3o de um ambiente institucional seguro e saud\u00e1vel, no contexto da Covid-19, estabelecendo procedimentos para retorno gradual e seguro das atividades presenciais, com a ado\u00e7\u00e3o de medidas de preven\u00e7\u00e3o e conten\u00e7\u00e3o da transmiss\u00e3o do Covid-19, seguindo as orienta\u00e7\u00f5es dadas pelas autoridades federais, estaduais e municipais de sa\u00fade.<\/p>\n<p align=\"justify\">Acesse aqui a \u00edntegra do documento atualizado:<\/p>\n<p align=\"justify\"><a href=\"https:\/\/www.ifbaiano.edu.br\/unidades\/lapa\/files\/2021\/12\/plano-contigencia-2-2021.pdf\" target=\"_blank\" rel=\"noreferrer noopener\">Plano de Conting\u00eancia Local &#8211; Protocolo Setorial &#8211; Campus Bom Jesus da Lapa (Vers\u00e3o 2.2021) (documento pdf, abre em nova aba)<\/a><\/p>\n<p align=\"justify\"><a href=\"https:\/\/www.ifbaiano.edu.br\/unidades\/lapa\/files\/2021\/12\/portaria-109-2021.pdf\" target=\"_blank\" rel=\"noreferrer noopener\">Portaria 109\/2021 &#8211;\u00a0\u00a0Aprova a atualiza\u00e7\u00e3o do Plano de Conting\u00eancia Local &#8211; Protocolo Setorial &#8211; Campus Bom Jesus da Lapa (Vers\u00e3o 2.2021) (documento pdf, abre em nova aba)<\/a><\/p>\n","protected":false},"excerpt":{"rendered":"<p>O Diretor-Geral do Instituto Federal Baiano &#8211; Campus Bom Jesus da Lapa aprovou\u00a0na \u00faltima quarta-feira\u00a0(08\/12), a atualiza\u00e7\u00e3o do\u00a0Plano de Conting\u00eancia Local &#8211; Protocolo Setorial &#8211; Campus Bom Jesus da Lapa (Vers\u00e3o 2.2021)\u00a0para o retorno das atividades presenciais (acad\u00eamicas e administrativas) e \u00e0 preven\u00e7\u00e3o \u00e0 dissemina\u00e7\u00e3o do novo Coronav\u00edrus no ambiente escolar, enquanto perdurar a situa\u00e7\u00e3o [&hellip;]<\/p>\n","protected":false},"author":100,"featured_media":0,"comment_status":"open","ping_status":"open","sticky":false,"template":"","format":"standard","meta":[],"categories":[64,24,65],"tags":[],"_links":{"self":[{"href":"https:\/\/www.ifbaiano.edu.br\/unidades\/lapa\/wp-json\/wp\/v2\/posts\/21861"}],"collection":[{"href":"https:\/\/www.ifbaiano.edu.br\/unidades\/lapa\/wp-json\/wp\/v2\/posts"}],"about":[{"href":"https:\/\/www.ifbaiano.edu.br\/unidades\/lapa\/wp-json\/wp\/v2\/types\/post"}],"author":[{"embeddable":true,"href":"https:\/\/www.ifbaiano.edu.br\/unidades\/lapa\/wp-json\/wp\/v2\/users\/100"}],"replies":[{"embeddable":true,"href":"https:\/\/www.ifbaiano.edu.br\/unidades\/lapa\/wp-json\/wp\/v2\/comments?post=21861"}],"version-history":[{"count":6,"href":"https:\/\/www.ifbaiano.edu.br\/unidades\/lapa\/wp-json\/wp\/v2\/posts\/21861\/revisions"}],"predecessor-version":[{"id":21874,"href":"https:\/\/www.ifbaiano.edu.br\/unidades\/lapa\/wp-json\/wp\/v2\/posts\/21861\/revisions\/21874"}],"wp:attachment":[{"href":"https:\/\/www.ifbaiano.edu.br\/unidades\/lapa\/wp-json\/wp\/v2\/media?parent=21861"}],"wp:term":[{"taxonomy":"category","embeddable":true,"href":"https:\/\/www.ifbaiano.edu.br\/unidades\/lapa\/wp-json\/wp\/v2\/categories?post=21861"},{"taxonomy":"post_tag","embeddable":true,"href":"https:\/\/www.ifbaiano.edu.br\/unidades\/lapa\/wp-json\/wp\/v2\/tags?post=21861"}],"curies":[{"name":"wp","href":"https:\/\/api.w.org\/{rel}","templated":true}]}}