{"id":21885,"date":"2021-12-10T17:38:15","date_gmt":"2021-12-10T20:38:15","guid":{"rendered":"https:\/\/www.ifbaiano.edu.br\/unidades\/lapa\/?p=21885"},"modified":"2021-12-29T10:22:51","modified_gmt":"2021-12-29T13:22:51","slug":"live-das-eleicoes","status":"publish","type":"post","link":"https:\/\/www.ifbaiano.edu.br\/unidades\/lapa\/2021\/12\/10\/live-das-eleicoes\/","title":{"rendered":"Live das Elei\u00e7\u00f5es"},"content":{"rendered":"\n<p align=\"justify\">A Comiss\u00e3o Eleitoral Local convida toda comunidade do <em>Campus<\/em> Bom Jesus da Lapa a participar da Live das Elei\u00e7\u00f5es do nosso Campus 14\/12\/2021 \u00c0s 17:00h<\/p>\n<p align=\"justify\">Tivemos um candidato inscrito, Prof. Ge\u00e2ngelo de Matos Rosa, que expor\u00e1 os principais t\u00f3picos do seu plano de gest\u00e3o nos primeiros dez minutos e depois estar\u00e1 dispon\u00edvel aos questionamentos da comunidade por meio da chat no canal do IFBaiano Bom Jesus da Lapa e perguntas enviadas at\u00e9 o dia 13\/12\/2021 pelo e-mail comiss\u00e3o.local@lapa.ifbaiano.edu.br<\/p>\n<p align=\"justify\">A Live ser\u00e1 transmitida no dia 14\/12\/2021 \u00e0s 17:00 horas. Teremos tradu\u00e7\u00e3o simult\u00e2nea para a L\u00edngua Brasileira de Sinais (LIBRAS).<\/p>\n\n\n\n<figure class=\"wp-block-embed is-type-video is-provider-youtube wp-block-embed-youtube wp-embed-aspect-16-9 wp-has-aspect-ratio\"><div class=\"wp-block-embed__wrapper\">\n<iframe loading=\"lazy\" title=\"Elei\u00e7\u00f5es Diretor Geral - Apresenta\u00e7\u00e3o de Propostas\" width=\"500\" height=\"281\" src=\"https:\/\/www.youtube.com\/embed\/Jl-e49tvzw8?feature=oembed\" frameborder=\"0\" allow=\"accelerometer; autoplay; clipboard-write; encrypted-media; gyroscope; picture-in-picture\" allowfullscreen><\/iframe>\n<\/div><\/figure>\n","protected":false},"excerpt":{"rendered":"<p>A Comiss\u00e3o Eleitoral Local convida toda comunidade do Campus Bom Jesus da Lapa a participar da Live das Elei\u00e7\u00f5es do nosso Campus 14\/12\/2021 \u00c0s 17:00h Tivemos um candidato inscrito, Prof. Ge\u00e2ngelo de Matos Rosa, que expor\u00e1 os principais t\u00f3picos do seu plano de gest\u00e3o nos primeiros dez minutos e depois estar\u00e1 dispon\u00edvel aos questionamentos da [&hellip;]<\/p>\n","protected":false},"author":100,"featured_media":0,"comment_status":"open","ping_status":"open","sticky":false,"template":"","format":"standard","meta":[],"categories":[24,65],"tags":[],"_links":{"self":[{"href":"https:\/\/www.ifbaiano.edu.br\/unidades\/lapa\/wp-json\/wp\/v2\/posts\/21885"}],"collection":[{"href":"https:\/\/www.ifbaiano.edu.br\/unidades\/lapa\/wp-json\/wp\/v2\/posts"}],"about":[{"href":"https:\/\/www.ifbaiano.edu.br\/unidades\/lapa\/wp-json\/wp\/v2\/types\/post"}],"author":[{"embeddable":true,"href":"https:\/\/www.ifbaiano.edu.br\/unidades\/lapa\/wp-json\/wp\/v2\/users\/100"}],"replies":[{"embeddable":true,"href":"https:\/\/www.ifbaiano.edu.br\/unidades\/lapa\/wp-json\/wp\/v2\/comments?post=21885"}],"version-history":[{"count":3,"href":"https:\/\/www.ifbaiano.edu.br\/unidades\/lapa\/wp-json\/wp\/v2\/posts\/21885\/revisions"}],"predecessor-version":[{"id":21889,"href":"https:\/\/www.ifbaiano.edu.br\/unidades\/lapa\/wp-json\/wp\/v2\/posts\/21885\/revisions\/21889"}],"wp:attachment":[{"href":"https:\/\/www.ifbaiano.edu.br\/unidades\/lapa\/wp-json\/wp\/v2\/media?parent=21885"}],"wp:term":[{"taxonomy":"category","embeddable":true,"href":"https:\/\/www.ifbaiano.edu.br\/unidades\/lapa\/wp-json\/wp\/v2\/categories?post=21885"},{"taxonomy":"post_tag","embeddable":true,"href":"https:\/\/www.ifbaiano.edu.br\/unidades\/lapa\/wp-json\/wp\/v2\/tags?post=21885"}],"curies":[{"name":"wp","href":"https:\/\/api.w.org\/{rel}","templated":true}]}}