{"id":2193,"date":"2014-03-28T20:14:44","date_gmt":"2014-03-28T22:14:44","guid":{"rendered":"http:\/\/www.ifbaiano.edu.br\/unidades\/lapa\/?p=2193"},"modified":"2014-03-28T20:14:45","modified_gmt":"2014-03-28T22:14:45","slug":"inicia-nova-gestao-no-if-baiano","status":"publish","type":"post","link":"https:\/\/www.ifbaiano.edu.br\/unidades\/lapa\/2014\/03\/28\/inicia-nova-gestao-no-if-baiano\/","title":{"rendered":"Inicia nova gest\u00e3o no IF Baiano"},"content":{"rendered":"<div align=\"JUSTIFY\">A posse foi no \u00faltimo dia 18\/03\/2014.<\/div>\n<div align=\"JUSTIFY\"><!--more--><\/div>\n<div align=\"JUSTIFY\">Ap\u00f3s a posse do reitor, Geovane Nascimento, o Instituto Federal Baiano passa por um momento de transi\u00e7\u00e3o com a chegada da nova equipe de trabalho.\u00a0\u201cTemos vontade pol\u00edtica e coragem para colocar em pr\u00e1tica a nossa\u00a0<a href=\"http:\/\/www.ifbaiano.edu.br\/reitoria\/wp-content\/uploads\/2013\/10\/PLANO-DE-TRABALHO-Geovane.pdf\" target=\"_blank\">Plataforma de Gest\u00e3o<\/a>, a qual foi constru\u00edda coletivamente e aprovada pela grande maioria dos estudantes,\u00a0t\u00e9cnicos-administrativos e\u00a0docentes do IF Baiano\u201d,\u00a0afirmou o reitor, em seu discurso de posse. \u201cIremos avan\u00e7ar com a pr\u00e1tica da gest\u00e3o democr\u00e1tica, respons\u00e1vel e participativa\u201d,\u00a0complementa.<\/div>\n<div align=\"JUSTIFY\">Um dos destaques da proposta para gest\u00e3o 2014-2018, \u00e9 a constru\u00e7\u00e3o do\u00a0<a href=\"http:\/\/eventos.ifbaiano.edu.br\/portal\/pdi\/\" target=\"_blank\">Plano de Desenvolvimento Institucional<\/a>. \u201cN\u00e3o mediremos esfor\u00e7os para honrar e cumprir o PDI, o documento mais importante da Autarquia, que a comunidade acad\u00eamica ter\u00e1 a oportunidade de construir e se apropriar\u201d, afirmou o reitor.<\/div>\n<div><a href=\"http:\/\/3.bp.blogspot.com\/-xby5snyuKiM\/UzRLdnNVwMI\/AAAAAAAABIk\/2lZ-RBgZsmc\/s1600\/IMG_9317.JPG\"><img decoding=\"async\" loading=\"lazy\" src=\"http:\/\/3.bp.blogspot.com\/-xby5snyuKiM\/UzRLdnNVwMI\/AAAAAAAABIk\/2lZ-RBgZsmc\/s1600\/IMG_9317.JPG\" alt=\"\" width=\"320\" height=\"213\" border=\"0\" \/><\/a><\/div>\n<div align=\"JUSTIFY\">Em seu discurso, o professor Geovane citou outras propostas ligadas ao desenvolvimento do Ensino aliado a Pesquisa e Extens\u00e3o, bem como o apoio \u00e0s organiza\u00e7\u00f5es estudantis e a\u00e7\u00f5es para capacita\u00e7\u00e3o e qualifica\u00e7\u00e3o de servidores. \u201cCreio que seremos um bom exemplo de gest\u00e3o democr\u00e1tica e sonhamos ser uma institui\u00e7\u00e3o p\u00fablica de ensino em que a comunidade acad\u00eamica tenha orgulho de pertencer, e que a sociedade a reconhe\u00e7a por sua excel\u00eancia e governan\u00e7a da coisa p\u00fablica\u201d,concluiu.<\/div>\n<div align=\"JUSTIFY\">O\u00a0estudante do curso T\u00e9cnico em Agropecu\u00e1ria \u2013\u00a0<a href=\"http:\/\/www.ifbaiano.edu.br\/unidades\/itapetinga\" target=\"_blank\">Campus Itapetinga<\/a>, Odair Campos, acredita que muitas mudan\u00e7as devem ocorrer para sanar as demandas mais urgentes. \u201cAcho que ele devia montar uma comiss\u00e3o, com quatro alunos de cada\u00a0<em>campus<\/em>, que tentaria mostrar a ele as demandas, ajudando-o a resolver os problemas\u201d, sugeriu. \u201cAcho que uma boa gest\u00e3o requer a participa\u00e7\u00e3o dos estudantes, pois, ningu\u00e9m mais do que n\u00f3s, sabemos do que queremos\u201d, concluiu.<\/div>\n<div><a href=\"http:\/\/2.bp.blogspot.com\/-WajvBoKmB9M\/UzRLwO1JIEI\/AAAAAAAABIs\/vHdqHJAyapg\/s1600\/IMG_9259.JPG\"><img decoding=\"async\" loading=\"lazy\" src=\"http:\/\/2.bp.blogspot.com\/-WajvBoKmB9M\/UzRLwO1JIEI\/AAAAAAAABIs\/vHdqHJAyapg\/s1600\/IMG_9259.JPG\" alt=\"\" width=\"320\" height=\"213\" border=\"0\" \/><\/a><\/div>\n<div align=\"JUSTIFY\">J\u00e1 a estudante do curso T\u00e9cnico em Agrimensura \u2013\u00a0<a href=\"http:\/\/www.ifbaiano.edu.br\/unidades\/catu\" target=\"_blank\">Campus Catu<\/a>, Renata Santos, espera \u201cque o nosso novo gestor possa trazer grandes benef\u00edcios para o Instituto, novos recursos tecnol\u00f3gicos e, principalmente, novos cursos\u00a0para\u00a0<em>C<\/em><em>ampus<\/em>\u00a0Catu\u201d, afirma. Ela ainda deseja que, com a nova gest\u00e3o, os estudantes tenham mais oportunidades para demonstrar os estudos que desenvolvem, a fim de divulgar o Instituto.<\/div>\n<div align=\"JUSTIFY\">Uma das expectativas dos servidores, al\u00e9m de uma\u00a0gest\u00e3o participativa, \u00e9 a exist\u00eancia de um clima organizacional harmonioso e que proporcione qualifica\u00e7\u00e3o. \u201c<strong>Espero que sejam oferecidos mais cursos e iniciativas de qualifica\u00e7\u00e3o dos trabalhadores do Instituto, refletindo assim numa melhoria dos fluxos de trabalho e desempenho de suas atividades\u201d, afirmou o assistente em administra\u00e7\u00e3o, Igor Peneluc.<\/strong><\/div>\n<div align=\"JUSTIFY\"><strong>Novo Reitor &#8211;\u00a0<\/strong>Vencedor das elei\u00e7\u00f5es, que aconteceram em 3 de dezembro do ano passado,\u00a0com 45,643% dos votos,\u00a0o professor Geovane\u00a0nascimento tomou posse\u00a0em 18 de mar\u00e7o, no Minist\u00e9rio da Educa\u00e7\u00e3o, em Bras\u00edlia.<\/div>\n<div align=\"JUSTIFY\">FONTE: Blog Bem Baiano (Texto Integral)<\/div>\n","protected":false},"excerpt":{"rendered":"<p>A posse foi no \u00faltimo dia 18\/03\/2014.<\/p>\n","protected":false},"author":36,"featured_media":0,"comment_status":"open","ping_status":"open","sticky":false,"template":"","format":"standard","meta":[],"categories":[1],"tags":[],"_links":{"self":[{"href":"https:\/\/www.ifbaiano.edu.br\/unidades\/lapa\/wp-json\/wp\/v2\/posts\/2193"}],"collection":[{"href":"https:\/\/www.ifbaiano.edu.br\/unidades\/lapa\/wp-json\/wp\/v2\/posts"}],"about":[{"href":"https:\/\/www.ifbaiano.edu.br\/unidades\/lapa\/wp-json\/wp\/v2\/types\/post"}],"author":[{"embeddable":true,"href":"https:\/\/www.ifbaiano.edu.br\/unidades\/lapa\/wp-json\/wp\/v2\/users\/36"}],"replies":[{"embeddable":true,"href":"https:\/\/www.ifbaiano.edu.br\/unidades\/lapa\/wp-json\/wp\/v2\/comments?post=2193"}],"version-history":[{"count":2,"href":"https:\/\/www.ifbaiano.edu.br\/unidades\/lapa\/wp-json\/wp\/v2\/posts\/2193\/revisions"}],"predecessor-version":[{"id":2195,"href":"https:\/\/www.ifbaiano.edu.br\/unidades\/lapa\/wp-json\/wp\/v2\/posts\/2193\/revisions\/2195"}],"wp:attachment":[{"href":"https:\/\/www.ifbaiano.edu.br\/unidades\/lapa\/wp-json\/wp\/v2\/media?parent=2193"}],"wp:term":[{"taxonomy":"category","embeddable":true,"href":"https:\/\/www.ifbaiano.edu.br\/unidades\/lapa\/wp-json\/wp\/v2\/categories?post=2193"},{"taxonomy":"post_tag","embeddable":true,"href":"https:\/\/www.ifbaiano.edu.br\/unidades\/lapa\/wp-json\/wp\/v2\/tags?post=2193"}],"curies":[{"name":"wp","href":"https:\/\/api.w.org\/{rel}","templated":true}]}}