{"id":2226,"date":"2014-04-10T21:57:26","date_gmt":"2014-04-10T23:57:26","guid":{"rendered":"http:\/\/www.ifbaiano.edu.br\/unidades\/lapa\/?p=2226"},"modified":"2014-04-10T21:57:26","modified_gmt":"2014-04-10T23:57:26","slug":"i-workshop-sobre-fitossanidade-na-cultura-da-bananeira-embrapa","status":"publish","type":"post","link":"https:\/\/www.ifbaiano.edu.br\/unidades\/lapa\/2014\/04\/10\/i-workshop-sobre-fitossanidade-na-cultura-da-bananeira-embrapa\/","title":{"rendered":"I Workshop sobre Fitossanidade na Cultura da Bananeira &#8211; Embrapa"},"content":{"rendered":"<div><span style=\"font-family: arial, helvetica, sans-serif\">O I Workshop sobre Fitossanidade na Cultura da Bananeira (I BananaFit) ser\u00e1 \u00a0realizado pela Embrapa Mandioca e Fruticultura, em Cruz das Almas &#8211; BA<\/span>, no per\u00edodo de 26 a 30 de maio de 2014.<\/div>\n<div><!--more--><\/div>\n<div><span style=\"font-family: arial, helvetica, sans-serif\"><br \/>\n<\/span><\/div>\n<div><span style=\"font-family: arial, helvetica, sans-serif\">O programa \u00e9 bastante abrangente e compreende aulas te\u00f3ricas e pr\u00e1ticas, capazes de transferir aos interessados conhecimentos sobre a ecologia desses pat\u00f3genos e pragas, assim como as melhores estrat\u00e9gias de controle, al\u00e9m de permitir aos participantes aprender detalhes como as t\u00e9cnicas de isolamento, esporula\u00e7\u00e3o, multiplica\u00e7\u00e3o de in\u00f3culo e inocula\u00e7\u00e3o.<\/span><\/div>\n<div><span style=\"font-family: arial, helvetica, sans-serif\"><br \/>\n<\/span><\/div>\n<div><span style=\"font-family: arial, helvetica, sans-serif\">O I BananaFit est\u00e1 aberto \u00e0s inscri\u00e7\u00f5es por parte de produtores rurais, t\u00e9cnicos de empresas de Assist\u00eancia T\u00e9cnica e Extens\u00e3o Rural (ATER), Fiscais Federais e Estaduais Agropecu\u00e1rios, respons\u00e1veis t\u00e9cnicos, professores e estudantes de Agronomia, Biologia, Eng. Florestal em n\u00edvel de gradua\u00e7\u00e3o ou p\u00f3s-gradua\u00e7\u00e3o. O investimento ser\u00e1 de R$ 600,00.\u00a0<\/span><\/div>\n<div><span style=\"font-family: arial, helvetica, sans-serif\"><br \/>\n<\/span><\/div>\n<div><span style=\"font-family: arial, helvetica, sans-serif\">Inscri\u00e7\u00f5es e maiores informa\u00e7\u00f5es podem ser realizadas com a Sra. Marineusa pelo telefone:\u00a0<a href=\"(75) 3312 8077\">(75) 3312 8077<\/a>\u00a0ou pelo endere\u00e7o eletr\u00f4nicocnpmf.inscricao@embrapa.br.\u00a0\u00a0<\/span><\/div>\n<div><span style=\"font-family: arial, helvetica, sans-serif\">N\u00famero de vagas limitadas (55 participantes).<\/span><\/div>\n<div><\/div>\n<div><\/div>\n<div><\/div>\n<div><\/div>\n<div><\/div>\n<div><span style=\"font-family: arial, helvetica, sans-serif\">Fonte:\u00a0Embrapa Mandioca e Fruticultura<br \/>\nEmpresa Brasileira de Pesquisa Agropecu\u00e1ria (Embrapa)<br \/>\nCruz das Almas\/BA<\/span><\/div>\n<div><\/div>\n","protected":false},"excerpt":{"rendered":"<p>O I Workshop sobre Fitossanidade na Cultura da Bananeira (I BananaFit) ser\u00e1 \u00a0realizado pela Embrapa Mandioca e Fruticultura, em Cruz das Almas &#8211; BA, no per\u00edodo de 26 a 30 de maio de 2014.<\/p>\n","protected":false},"author":36,"featured_media":0,"comment_status":"open","ping_status":"open","sticky":false,"template":"","format":"standard","meta":[],"categories":[1],"tags":[],"_links":{"self":[{"href":"https:\/\/www.ifbaiano.edu.br\/unidades\/lapa\/wp-json\/wp\/v2\/posts\/2226"}],"collection":[{"href":"https:\/\/www.ifbaiano.edu.br\/unidades\/lapa\/wp-json\/wp\/v2\/posts"}],"about":[{"href":"https:\/\/www.ifbaiano.edu.br\/unidades\/lapa\/wp-json\/wp\/v2\/types\/post"}],"author":[{"embeddable":true,"href":"https:\/\/www.ifbaiano.edu.br\/unidades\/lapa\/wp-json\/wp\/v2\/users\/36"}],"replies":[{"embeddable":true,"href":"https:\/\/www.ifbaiano.edu.br\/unidades\/lapa\/wp-json\/wp\/v2\/comments?post=2226"}],"version-history":[{"count":1,"href":"https:\/\/www.ifbaiano.edu.br\/unidades\/lapa\/wp-json\/wp\/v2\/posts\/2226\/revisions"}],"predecessor-version":[{"id":2227,"href":"https:\/\/www.ifbaiano.edu.br\/unidades\/lapa\/wp-json\/wp\/v2\/posts\/2226\/revisions\/2227"}],"wp:attachment":[{"href":"https:\/\/www.ifbaiano.edu.br\/unidades\/lapa\/wp-json\/wp\/v2\/media?parent=2226"}],"wp:term":[{"taxonomy":"category","embeddable":true,"href":"https:\/\/www.ifbaiano.edu.br\/unidades\/lapa\/wp-json\/wp\/v2\/categories?post=2226"},{"taxonomy":"post_tag","embeddable":true,"href":"https:\/\/www.ifbaiano.edu.br\/unidades\/lapa\/wp-json\/wp\/v2\/tags?post=2226"}],"curies":[{"name":"wp","href":"https:\/\/api.w.org\/{rel}","templated":true}]}}