{"id":22312,"date":"2022-01-10T14:32:16","date_gmt":"2022-01-10T17:32:16","guid":{"rendered":"https:\/\/www.ifbaiano.edu.br\/unidades\/lapa\/?p=22312"},"modified":"2022-01-13T16:18:51","modified_gmt":"2022-01-13T19:18:51","slug":"prosel-2022-integrdo","status":"publish","type":"post","link":"https:\/\/www.ifbaiano.edu.br\/unidades\/lapa\/2022\/01\/10\/prosel-2022-integrdo\/","title":{"rendered":"Processo Seletivo para Ingresso de Estudantes nos Cursos da Educa\u00e7\u00e3o Profissional T\u00e9cnica de N\u00edvel M\u00e9dio, na Forma Integrada ao Ensino M\u00e9dio &#8211; Modalidade Presencial"},"content":{"rendered":"\n<p><strong style=\"text-transform:uppercase\">O Diretor-Geral do Instituto Federal de Educa\u00e7\u00e3o, Ci\u00eancia e Tecnologia Baiano (IF Baiano)&nbsp;\u2013 <em>Campus<\/em> Bom Jesus da Lapa<\/strong>, nomeado pela Portaria n\u00ba 446 de 19\/03\/2018, publicada no DOU de 20\/03\/2018, Se\u00e7\u00e3o 2, p\u00e1gina 54, e de acordo com as disposi\u00e7\u00f5es contidas na Lei n\u00ba 11.892, de 29\/12\/2008 e na Portaria n\u00ba 2.564\/2018 \u2013 RET-GAB\/IFBAIANO, de 26\/09\/2018, e suas altera\u00e7\u00f5es; de acordo com as disposi\u00e7\u00f5es legais em vigor, torna p\u00fablica a abertura de inscri\u00e7\u00f5es do processo para ingresso de estudantes em 2022, nos cursos da Educa\u00e7\u00e3o Profissional T\u00e9cnica de N\u00edvel M\u00e9dio, na forma Integrada ao Ensino M\u00e9dio &#8211; na modalidade presencial, para o <em>Campus<\/em> Bom Jesus da Lapa.<\/p>\n\n<p align=\"justify\">Per\u00edodo de Inscri\u00e7\u00f5es:14\/01\/2022 a 21\/02\/2022<\/p>\n<p align=\"justify\">Cursos e vagas:<br>\nAgricultura \u2013 40 vagas<br>\nAgroecologia \u2013 40 vagas<br>\nInform\u00e1tica \u2013 40 vagas<\/p>\n<p align=\"justify\">D\u00favidas podem ser encaminhadas para o e-mail prosel@lapa.ifbaiano.edu.br ou (77)99987-7963(Whatsapp)<\/p>\n\n<p align=\"justify\"><a href=\"https:\/\/www.ifbaiano.edu.br\/unidades\/lapa\/edital-1-2021\/\" rel=\"noopener noreferrer\" class=\"wp-block-button__link has-background\" style=\"background-color:#219e41;color:#ffffff\">P\u00e1gina do Edital<\/a><\/p>\n<p align=\"justify\"><a href=\"https:\/\/opinanovo.ifbaiano.edu.br\/index.php\/975428\" rel=\"noopener noreferrer\" class=\"wp-block-button__link has-background\" style=\"background-color:#2288ff;color:#ffffff\">Formul\u00e1rio de Inscri\u00e7\u00e3o<\/a><\/p>\n\n","protected":false},"excerpt":{"rendered":"<p>O Diretor-Geral do Instituto Federal de Educa\u00e7\u00e3o, Ci\u00eancia e Tecnologia Baiano (IF Baiano)&nbsp;\u2013 Campus Bom Jesus da Lapa, nomeado pela Portaria n\u00ba 446 de 19\/03\/2018, publicada no DOU de 20\/03\/2018, Se\u00e7\u00e3o 2, p\u00e1gina 54, e de acordo com as disposi\u00e7\u00f5es contidas na Lei n\u00ba 11.892, de 29\/12\/2008 e na Portaria n\u00ba 2.564\/2018 \u2013 RET-GAB\/IFBAIANO, de [&hellip;]<\/p>\n","protected":false},"author":100,"featured_media":22337,"comment_status":"open","ping_status":"open","sticky":false,"template":"","format":"standard","meta":[],"categories":[64,24,68,73,65],"tags":[],"_links":{"self":[{"href":"https:\/\/www.ifbaiano.edu.br\/unidades\/lapa\/wp-json\/wp\/v2\/posts\/22312"}],"collection":[{"href":"https:\/\/www.ifbaiano.edu.br\/unidades\/lapa\/wp-json\/wp\/v2\/posts"}],"about":[{"href":"https:\/\/www.ifbaiano.edu.br\/unidades\/lapa\/wp-json\/wp\/v2\/types\/post"}],"author":[{"embeddable":true,"href":"https:\/\/www.ifbaiano.edu.br\/unidades\/lapa\/wp-json\/wp\/v2\/users\/100"}],"replies":[{"embeddable":true,"href":"https:\/\/www.ifbaiano.edu.br\/unidades\/lapa\/wp-json\/wp\/v2\/comments?post=22312"}],"version-history":[{"count":8,"href":"https:\/\/www.ifbaiano.edu.br\/unidades\/lapa\/wp-json\/wp\/v2\/posts\/22312\/revisions"}],"predecessor-version":[{"id":22364,"href":"https:\/\/www.ifbaiano.edu.br\/unidades\/lapa\/wp-json\/wp\/v2\/posts\/22312\/revisions\/22364"}],"wp:featuredmedia":[{"embeddable":true,"href":"https:\/\/www.ifbaiano.edu.br\/unidades\/lapa\/wp-json\/wp\/v2\/media\/22337"}],"wp:attachment":[{"href":"https:\/\/www.ifbaiano.edu.br\/unidades\/lapa\/wp-json\/wp\/v2\/media?parent=22312"}],"wp:term":[{"taxonomy":"category","embeddable":true,"href":"https:\/\/www.ifbaiano.edu.br\/unidades\/lapa\/wp-json\/wp\/v2\/categories?post=22312"},{"taxonomy":"post_tag","embeddable":true,"href":"https:\/\/www.ifbaiano.edu.br\/unidades\/lapa\/wp-json\/wp\/v2\/tags?post=22312"}],"curies":[{"name":"wp","href":"https:\/\/api.w.org\/{rel}","templated":true}]}}