{"id":22389,"date":"2022-01-21T11:21:36","date_gmt":"2022-01-21T14:21:36","guid":{"rendered":"https:\/\/www.ifbaiano.edu.br\/unidades\/lapa\/?p=22389"},"modified":"2022-01-21T11:56:07","modified_gmt":"2022-01-21T14:56:07","slug":"if-baiano-lanca-edital-para-cursos-tecnicos-com-120-vagas-para-bom-jesus-da-lapa-e-regiao","status":"publish","type":"post","link":"https:\/\/www.ifbaiano.edu.br\/unidades\/lapa\/2022\/01\/21\/if-baiano-lanca-edital-para-cursos-tecnicos-com-120-vagas-para-bom-jesus-da-lapa-e-regiao\/","title":{"rendered":"IF Baiano lan\u00e7a edital para cursos t\u00e9cnicos com 120 vagas para Bom Jesus da Lapa e Regi\u00e3o"},"content":{"rendered":"\n<p align=\"justify\"><strong>Campus Bom Jesus da Lapa oferta vagas para os cursos de Agricultura, Agroecologia, Inform\u00e1tica<\/strong><br><br>O ingresso de estudantes nos cursos da Educa\u00e7\u00e3o Profissional T\u00e9cnica de N\u00edvel M\u00e9dio do Instituto Federal Baiano em 2022 est\u00e1 com novo formato. Os 14<em> campi <\/em>do IF Baiano lan\u00e7am seus editais, com cronogramas pr\u00f3prios, para o ingresso em suas localidades. O Campus Bom Jesus da Lapa j\u00e1 lan\u00e7ou seu edital, disponibilizando 120 vagas em cursos T\u00e9cnicos Integrados ao Ensino M\u00e9dio. Para concorrer, os interessados devem realizar inscri\u00e7\u00e3o no per\u00edodo entre 14 de janeiro e 21 de fevereiro. Ao preencher o <a rel=\"noreferrer noopener\" href=\"https:\/\/opinanovo.ifbaiano.edu.br\/index.php\/975428\" target=\"_blank\">formul\u00e1rio de inscri\u00e7\u00e3o<\/a>, os candidatos poder\u00e3o optar por duas op\u00e7\u00f5es de curso, indicando a ordem de prefer\u00eancia. O candidato ser\u00e1 convocado para a segunda op\u00e7\u00e3o somente se houver vaga remanescente, ap\u00f3s a chamada dos candidatos classificados em primeira op\u00e7\u00e3o.<br><br><strong>Cursos e vagas<\/strong><br><br>O IF Baiano oferece cursos t\u00e9cnicos em seus 14 campi e 20 polos de Educa\u00e7\u00e3o a Dist\u00e2ncia espalhados pela Bahia. No Campus Bom Jesus da Lapa, est\u00e3o em oferta 120 vagas na modalidade Integrada, para quem tem o Ensino Fundamental completo.<br>Confira os cursos:<br><br>Agricultura&nbsp; &#8211; 40 vagas<br>Agroecologia &#8211; 40 vagas<br>Inform\u00e1tica&nbsp; &#8211; 40 vagas<\/p>\n\n\n\n<p align=\"justify\">A unidade realizar\u00e1 plant\u00e3o para as inscri\u00e7\u00f5es presenciais entre o dia 17 de janeiro e o dia 21 de fevereiro, das 8h \u00e0s 13h, no <em>Campus<\/em> Bom Jesus da Lapa, localizado no Quil\u00f4metro 14, BR-349, S\/N \u2013 Zona Rural, Bom Jesus da Lapa \u2013 BA, 47600-000.&nbsp;<\/p>\n\n\n\n<figure id=\"gmail-m_4440193945153306535m_1002885979293716433gmail-wysija_wrapper\" class=\"wp-block-table\"><table><tbody><tr><td><strong>Sele\u00e7\u00e3o<\/strong><\/td><\/tr><\/tbody><\/table><\/figure>\n\n\n\n<p align=\"justify\">O crit\u00e9rio de sele\u00e7\u00e3o para os cursos T\u00e9cnicos Integrados se dar\u00e1 por meio da M\u00e9dia Final resultante das m\u00e9dias dos componentes curriculares L\u00edngua Portuguesa, Matem\u00e1tica, Hist\u00f3ria, Ci\u00eancias e Geografia do 8\u00ba ano do Ensino Fundamental, atrav\u00e9s de an\u00e1lise do hist\u00f3rico escolar anexado \u00e0 documenta\u00e7\u00e3o no ato de inscri\u00e7\u00e3o. S\u00e3o requisitos para o ingresso nos cursos Integrados, ap\u00f3s aprova\u00e7\u00e3o: ter conclu\u00eddo o Ensino Fundamental II (9\u00ba ano), at\u00e9 o momento da matr\u00edcula e apresentar a documenta\u00e7\u00e3o exigida pelo edital no ato da matr\u00edcula.<\/p>\n\n\n\n<figure id=\"gmail-m_4440193945153306535m_1002885979293716433gmail-wysija_wrapper\" class=\"wp-block-table\"><table><tbody><tr><td><br><strong>Novidades no Prosel 2022<\/strong><\/td><\/tr><\/tbody><\/table><\/figure>\n\n\n\n<p align=\"justify\">De acordo com o presidente da Comiss\u00e3o Central de Processo Seletivo, Nilton de Santana dos Santos, a descentraliza\u00e7\u00e3o acontece este ano para otimizar o per\u00edodo entre as sele\u00e7\u00f5es e o in\u00edcio das aulas, por conta das diferen\u00e7as nos calend\u00e1rios letivos dos <em>campi<\/em> em raz\u00e3o da pandemia e tamb\u00e9m da autonomia dos mesmos. \u201cCada um poder\u00e1 fazer o seu processo de acordo com a sua necessidade e o seu per\u00edodo. [Caso o processo fosse unificado], os alunos de algumas unidades teriam que esperar muito tempo at\u00e9 que fosse iniciado todo o processo seletivo\u201d, explica.Al\u00e9m da descentraliza\u00e7\u00e3o, outra mudan\u00e7a no processo de ingresso de estudantes \u00e9 a implanta\u00e7\u00e3o da Banca de Verifica\u00e7\u00e3o da Autodeclara\u00e7\u00e3o \u00c9tnico-racial. Ser\u00e3o realizadas entrevistas com objetivo de confirmar a autodeclara\u00e7\u00e3o dos candidatos autodeclarados pretos e pardos e garantir que as reservas de vagas sejam ocupadas por quem possui o direito. Os cursos de n\u00edvel m\u00e9dio e t\u00e9cnico do IF Baiano reservam 75% das vagas para cotas em diferentes categorias de a\u00e7\u00f5es afirmativas e 25% para ampla concorr\u00eancia.<br>Mais informa\u00e7\u00f5es &#8211; Consulte o edital e acompanhe todas as atualiza\u00e7\u00f5es da sele\u00e7\u00e3o para cursos t\u00e9cnicos do IF Baiano <a rel=\"noreferrer noopener\" href=\"https:\/\/concurso.ifbaiano.edu.br\/portal\/ingresso-de-estudantes-2022\/\" target=\"_blank\">nesta p\u00e1gina<\/a>. D\u00favidas dever\u00e3o ser encaminhadas para o e-mail: prosel@lapa.ifbaiano.edu.br<\/p><br><hr><p align=\"justify\"><strong style=\"text-transform:uppercase\">Sobre o IF Baiano<\/strong><br><br>O&nbsp;<strong>Instituto Federal de Educa\u00e7\u00e3o, Ci\u00eancia e Tecnologia Baiano (<a rel=\"noreferrer noopener\" href=\"http:\/\/ifbaiano.edu.br\/portal\/sobre\/\" target=\"_blank\">IF Baiano<\/a>)<\/strong>&nbsp;foi criado em 2008 e \u00e9 uma institui\u00e7\u00e3o de ensino m\u00e9dio e superior, focado na Educa\u00e7\u00e3o Profissional e Tecnol\u00f3gica. Agrega as antigas Escolas Agrot\u00e9cnicas Federais e as Escolas M\u00e9dias de Agropecu\u00e1ria Regionais da Ceplac (EMARC) presentes na Bahia. Atualmente, possui 14 campi nos munic\u00edpios de Catu, Senhor do Bonfim, Santa In\u00eas, Guanambi, Valen\u00e7a, Teixeira de Freitas, Itapetinga, Uru\u00e7uca, Bom Jesus da Lapa, Governador Mangabeira e Serrinha, Alagoinhas, Itaberaba e Xique-Xique.<\/p>\n","protected":false},"excerpt":{"rendered":"<p>Campus Bom Jesus da Lapa oferta vagas para os cursos de Agricultura, Agroecologia, Inform\u00e1tica O ingresso de estudantes nos cursos da Educa\u00e7\u00e3o Profissional T\u00e9cnica de N\u00edvel M\u00e9dio do Instituto Federal Baiano em 2022 est\u00e1 com novo formato. Os 14 campi do IF Baiano lan\u00e7am seus editais, com cronogramas pr\u00f3prios, para o ingresso em suas localidades. [&hellip;]<\/p>\n","protected":false},"author":100,"featured_media":22399,"comment_status":"open","ping_status":"open","sticky":false,"template":"","format":"standard","meta":[],"categories":[64,24,68,73,65],"tags":[],"_links":{"self":[{"href":"https:\/\/www.ifbaiano.edu.br\/unidades\/lapa\/wp-json\/wp\/v2\/posts\/22389"}],"collection":[{"href":"https:\/\/www.ifbaiano.edu.br\/unidades\/lapa\/wp-json\/wp\/v2\/posts"}],"about":[{"href":"https:\/\/www.ifbaiano.edu.br\/unidades\/lapa\/wp-json\/wp\/v2\/types\/post"}],"author":[{"embeddable":true,"href":"https:\/\/www.ifbaiano.edu.br\/unidades\/lapa\/wp-json\/wp\/v2\/users\/100"}],"replies":[{"embeddable":true,"href":"https:\/\/www.ifbaiano.edu.br\/unidades\/lapa\/wp-json\/wp\/v2\/comments?post=22389"}],"version-history":[{"count":18,"href":"https:\/\/www.ifbaiano.edu.br\/unidades\/lapa\/wp-json\/wp\/v2\/posts\/22389\/revisions"}],"predecessor-version":[{"id":22417,"href":"https:\/\/www.ifbaiano.edu.br\/unidades\/lapa\/wp-json\/wp\/v2\/posts\/22389\/revisions\/22417"}],"wp:featuredmedia":[{"embeddable":true,"href":"https:\/\/www.ifbaiano.edu.br\/unidades\/lapa\/wp-json\/wp\/v2\/media\/22399"}],"wp:attachment":[{"href":"https:\/\/www.ifbaiano.edu.br\/unidades\/lapa\/wp-json\/wp\/v2\/media?parent=22389"}],"wp:term":[{"taxonomy":"category","embeddable":true,"href":"https:\/\/www.ifbaiano.edu.br\/unidades\/lapa\/wp-json\/wp\/v2\/categories?post=22389"},{"taxonomy":"post_tag","embeddable":true,"href":"https:\/\/www.ifbaiano.edu.br\/unidades\/lapa\/wp-json\/wp\/v2\/tags?post=22389"}],"curies":[{"name":"wp","href":"https:\/\/api.w.org\/{rel}","templated":true}]}}