{"id":22493,"date":"2022-01-28T15:59:02","date_gmt":"2022-01-28T18:59:02","guid":{"rendered":"https:\/\/www.ifbaiano.edu.br\/unidades\/lapa\/?p=22493"},"modified":"2022-01-28T16:20:27","modified_gmt":"2022-01-28T19:20:27","slug":"retorno-das-atividades-pedagogica-nao-presenciais-apnps-a-parr-de-01-02-2022","status":"publish","type":"post","link":"https:\/\/www.ifbaiano.edu.br\/unidades\/lapa\/2022\/01\/28\/retorno-das-atividades-pedagogica-nao-presenciais-apnps-a-parr-de-01-02-2022\/","title":{"rendered":"Retorno das Atividades Pedag\u00f3gica N\u00e3o Presenciais (APNPs) a partir de 01\/02\/2022."},"content":{"rendered":"\n<p align=\"justify\">A Dire\u00e7\u00e3o-Geral do IF Baiano, Campus Bom Jesus da Lapa, comunica a todos os pais\/respons\u00e1veis e estudantes, que o retorno atividades pedag\u00f3gicas n\u00e3o presenciais (APNP) ocorrer\u00e1 a partir do dia 01\/02\/2022. O cronograma das aulas encontra-se dispon\u00edvel no site institucional (<a href=\"https:\/\/www.ifbaiano.edu.br\/unidades\/lapa\/apnp\/\" target=\"_blank\" rel=\"noreferrer noopener\">https:\/\/www.ifbaiano.edu.br\/unidades\/lapa\/apnp\/<\/a>).<\/p>\n\n\n\n<p align=\"justify\">Na busca sempre de ofertar educa\u00e7\u00e3o p\u00fablica de qualidade e com responsabilidade social, o nosso Campus informa ainda que o planejamento para retorno presencial das atividades de ensino j\u00e1 est\u00e1 sendo discutido entre os diferentes setores da institui\u00e7\u00e3o. Entretanto, entendemos que o retorno gradual e seguro das atividades presenciais deve estar condicionado aos bons indicadores de sa\u00fade, atualmente correlacionados \u00e0 taxa de transmissibilidade da COVID-19, \u00e0 taxa de ocupa\u00e7\u00e3o dos leitos cl\u00ednicos e de UTI para COVID-19 e surto de gripe provocado pelo v\u00edrus H3N2.<\/p>\n\n\n\n<p align=\"justify\">Solicitamos a todos que continuem acompanhando os comunicados informativos no site e nas redes sociais oficiais do Campus Bom Jesus da Lapa, para maiores esclarecimentos sobre nossas atividades.<\/p>\n\n\n\n<p align=\"justify\"><a href=\"https:\/\/www.ifbaiano.edu.br\/unidades\/lapa\/files\/2022\/01\/nota-informativa-retorno-apnp-2022.pdf\">Nota Informativa Retorno APNP 2022<\/a><\/p>\n","protected":false},"excerpt":{"rendered":"<p>A Dire\u00e7\u00e3o-Geral do IF Baiano, Campus Bom Jesus da Lapa, comunica a todos os pais\/respons\u00e1veis e estudantes, que o retorno atividades pedag\u00f3gicas n\u00e3o presenciais (APNP) ocorrer\u00e1 a partir do dia 01\/02\/2022. O cronograma das aulas encontra-se dispon\u00edvel no site institucional (https:\/\/www.ifbaiano.edu.br\/unidades\/lapa\/apnp\/). Na busca sempre de ofertar educa\u00e7\u00e3o p\u00fablica de qualidade e com responsabilidade social, o [&hellip;]<\/p>\n","protected":false},"author":100,"featured_media":22497,"comment_status":"open","ping_status":"open","sticky":false,"template":"","format":"standard","meta":[],"categories":[64,39,113,112,24,68,69,70,65],"tags":[],"_links":{"self":[{"href":"https:\/\/www.ifbaiano.edu.br\/unidades\/lapa\/wp-json\/wp\/v2\/posts\/22493"}],"collection":[{"href":"https:\/\/www.ifbaiano.edu.br\/unidades\/lapa\/wp-json\/wp\/v2\/posts"}],"about":[{"href":"https:\/\/www.ifbaiano.edu.br\/unidades\/lapa\/wp-json\/wp\/v2\/types\/post"}],"author":[{"embeddable":true,"href":"https:\/\/www.ifbaiano.edu.br\/unidades\/lapa\/wp-json\/wp\/v2\/users\/100"}],"replies":[{"embeddable":true,"href":"https:\/\/www.ifbaiano.edu.br\/unidades\/lapa\/wp-json\/wp\/v2\/comments?post=22493"}],"version-history":[{"count":4,"href":"https:\/\/www.ifbaiano.edu.br\/unidades\/lapa\/wp-json\/wp\/v2\/posts\/22493\/revisions"}],"predecessor-version":[{"id":22500,"href":"https:\/\/www.ifbaiano.edu.br\/unidades\/lapa\/wp-json\/wp\/v2\/posts\/22493\/revisions\/22500"}],"wp:featuredmedia":[{"embeddable":true,"href":"https:\/\/www.ifbaiano.edu.br\/unidades\/lapa\/wp-json\/wp\/v2\/media\/22497"}],"wp:attachment":[{"href":"https:\/\/www.ifbaiano.edu.br\/unidades\/lapa\/wp-json\/wp\/v2\/media?parent=22493"}],"wp:term":[{"taxonomy":"category","embeddable":true,"href":"https:\/\/www.ifbaiano.edu.br\/unidades\/lapa\/wp-json\/wp\/v2\/categories?post=22493"},{"taxonomy":"post_tag","embeddable":true,"href":"https:\/\/www.ifbaiano.edu.br\/unidades\/lapa\/wp-json\/wp\/v2\/tags?post=22493"}],"curies":[{"name":"wp","href":"https:\/\/api.w.org\/{rel}","templated":true}]}}