{"id":2254,"date":"2014-05-02T16:05:39","date_gmt":"2014-05-02T18:05:39","guid":{"rendered":"http:\/\/www.ifbaiano.edu.br\/unidades\/lapa\/?p=2254"},"modified":"2014-05-02T16:20:28","modified_gmt":"2014-05-02T18:20:28","slug":"2254","status":"publish","type":"post","link":"https:\/\/www.ifbaiano.edu.br\/unidades\/lapa\/2014\/05\/02\/2254\/","title":{"rendered":"Encontro Nacional dos Estudantes de Escolas T\u00e9cnicas \u2013 ENET"},"content":{"rendered":"<p>O Encontro Nacional dos Estudantes de Escolas T\u00e9cnicas \u2013 ENET foi realizado na cidade de Bras\u00edlia, no Instituto Federal de Bras\u00edlia, entre os dias 18 e 21 de abril, e reuniu estudantes de vinte e cinco estados do pa\u00eds.<\/p>\n<p><!--more--><\/p>\n<p>Participaram do evento os representantes discentes do Curso T\u00e9cnico em Inform\u00e1tica Leonardo Cardoso e Bruno Vanderlei, Fabiana Gon\u00e7alves, e do Curso T\u00e9cnico em Agricultura, Tassiane Almeida, que se uniram \u00e0 delega\u00e7\u00e3o do IF Baiano e demais estudantes na discuss\u00e3o sobre temas relevantes, como a expans\u00e3o da Rede Federal de Ensino, a Pol\u00edtica de Assist\u00eancia Estudantil, os investimentos no ensino t\u00e9cnico, a falta de professores, entre outros. O discente Leonardo Cardoso avaliou positivamente o evento<em>: \u201c<\/em><em>A minha participa\u00e7\u00e3o no ENET 2014 me fez conhecer novos rumos, e eu pude debater e ajudar a buscar solu\u00e7\u00f5es para as dificuldades encontradas em cada campus, a partir das experi\u00eancias compartilhadas. Emocionei-me e fui motivado pela for\u00e7a e coragem dos estudantes que participam de movimentos em todo o pa\u00eds. Trocamos ideias sobre o movimento estudantil e sobre a luta por educa\u00e7\u00e3o melhor, e foi poss\u00edvel perceber a for\u00e7a e o impacto positivo do movimento estudantil na constru\u00e7\u00e3o de uma educa\u00e7\u00e3o de qualidade.\u201d<\/em><\/p>\n<p>Foram realizadas diversas plen\u00e1rias, das quais participaram, ao todo, mais de mil e quinhentos alunos, sendo representados, ao todo, mais de oitenta gr\u00eamios estudantis.<\/p>\n<p>O encerramento do encontro aconteceu no Centro de Conven\u00e7\u00f5es Ulisses Guimar\u00e3es, onde foi aprovada a nova diretoria da FENET, sendo apresentadas, tamb\u00e9m, as propostas constru\u00eddas nos grupos de debates realizados durante todo o evento. Na ocasi\u00e3o, os organizadores do evento fizeram uma\u00a0homenagem aos militantes mortos pela Ditadura Militar, fazendo refer\u00eancia aos 50 anos do Golpe Militar que\u00a0 foi instaurado no pa\u00eds para reprimir os avan\u00e7os da luta popular e do movimento estudantil.<\/p>\n<p>Os alunos afirmaram que o evento foi estrat\u00e9gico, considerando que est\u00e1 sendo criado o Gr\u00eamio Estudantil no campus Bom Jesus da Lapa.<\/p>\n<p><a href=\"http:\/\/www.ifbaiano.edu.br\/unidades\/lapa\/files\/2014\/05\/1506760_236930976507520_6364940964040982518_n.jpg\"><br \/>\n\n\t\t<style type=\"text\/css\">\n\t\t\t#gallery-1 {\n\t\t\t\tmargin: auto;\n\t\t\t}\n\t\t\t#gallery-1 .gallery-item {\n\t\t\t\tfloat: left;\n\t\t\t\tmargin-top: 10px;\n\t\t\t\ttext-align: center;\n\t\t\t\twidth: 50%;\n\t\t\t}\n\t\t\t#gallery-1 img {\n\t\t\t\tborder: 2px solid #cfcfcf;\n\t\t\t}\n\t\t\t#gallery-1 .gallery-caption {\n\t\t\t\tmargin-left: 0;\n\t\t\t}\n\t\t\t\/* see gallery_shortcode() in wp-includes\/media.php *\/\n\t\t<\/style>\n\t\t<div id='gallery-1' class='gallery galleryid-2254 gallery-columns-2 gallery-size-thumbnail'><dl class='gallery-item'>\n\t\t\t<dt class='gallery-icon landscape'>\n\t\t\t\t<a href='https:\/\/www.ifbaiano.edu.br\/unidades\/lapa\/files\/2014\/05\/1506760_236930976507520_6364940964040982518_n.jpg'><img width=\"150\" height=\"150\" src=\"https:\/\/www.ifbaiano.edu.br\/unidades\/lapa\/files\/2014\/05\/1506760_236930976507520_6364940964040982518_n-150x150.jpg\" class=\"attachment-thumbnail size-thumbnail\" alt=\"\" decoding=\"async\" loading=\"lazy\" \/><\/a>\n\t\t\t<\/dt><\/dl><dl class='gallery-item'>\n\t\t\t<dt class='gallery-icon landscape'>\n\t\t\t\t<a href='https:\/\/www.ifbaiano.edu.br\/unidades\/lapa\/files\/2014\/05\/1911752_492746787518806_6849716304599046087_n1.jpg'><img width=\"150\" height=\"150\" src=\"https:\/\/www.ifbaiano.edu.br\/unidades\/lapa\/files\/2014\/05\/1911752_492746787518806_6849716304599046087_n1-150x150.jpg\" class=\"attachment-thumbnail size-thumbnail\" alt=\"\" decoding=\"async\" loading=\"lazy\" \/><\/a>\n\t\t\t<\/dt><\/dl><br style=\"clear: both\" \/><dl class='gallery-item'>\n\t\t\t<dt class='gallery-icon landscape'>\n\t\t\t\t<a href='https:\/\/www.ifbaiano.edu.br\/unidades\/lapa\/files\/2014\/05\/10154018_491438074316344_2929651579801282374_n1.jpg'><img width=\"150\" height=\"150\" src=\"https:\/\/www.ifbaiano.edu.br\/unidades\/lapa\/files\/2014\/05\/10154018_491438074316344_2929651579801282374_n1-150x150.jpg\" class=\"attachment-thumbnail size-thumbnail\" alt=\"\" decoding=\"async\" loading=\"lazy\" \/><\/a>\n\t\t\t<\/dt><\/dl><dl class='gallery-item'>\n\t\t\t<dt class='gallery-icon landscape'>\n\t\t\t\t<a href='https:\/\/www.ifbaiano.edu.br\/unidades\/lapa\/files\/2014\/05\/Enet-alunos-de-B.J.Lapa_.jpg'><img width=\"150\" height=\"150\" src=\"https:\/\/www.ifbaiano.edu.br\/unidades\/lapa\/files\/2014\/05\/Enet-alunos-de-B.J.Lapa_-150x150.jpg\" class=\"attachment-thumbnail size-thumbnail\" alt=\"\" decoding=\"async\" loading=\"lazy\" \/><\/a>\n\t\t\t<\/dt><\/dl><br style=\"clear: both\" \/>\n\t\t<\/div>\n<\/p>\n<p><\/a><\/p>\n<p>&nbsp;<\/p>\n<p>&nbsp;<\/p>\n<p>&nbsp;<\/p>\n","protected":false},"excerpt":{"rendered":"<p>O Encontro Nacional dos Estudantes de Escolas T\u00e9cnicas \u2013 ENET foi realizado na cidade de Bras\u00edlia, no Instituto Federal de Bras\u00edlia, entre os dias 18 e 21 de abril, e reuniu estudantes de vinte e cinco estados do pa\u00eds.<\/p>\n","protected":false},"author":36,"featured_media":0,"comment_status":"open","ping_status":"open","sticky":false,"template":"","format":"standard","meta":[],"categories":[39],"tags":[],"_links":{"self":[{"href":"https:\/\/www.ifbaiano.edu.br\/unidades\/lapa\/wp-json\/wp\/v2\/posts\/2254"}],"collection":[{"href":"https:\/\/www.ifbaiano.edu.br\/unidades\/lapa\/wp-json\/wp\/v2\/posts"}],"about":[{"href":"https:\/\/www.ifbaiano.edu.br\/unidades\/lapa\/wp-json\/wp\/v2\/types\/post"}],"author":[{"embeddable":true,"href":"https:\/\/www.ifbaiano.edu.br\/unidades\/lapa\/wp-json\/wp\/v2\/users\/36"}],"replies":[{"embeddable":true,"href":"https:\/\/www.ifbaiano.edu.br\/unidades\/lapa\/wp-json\/wp\/v2\/comments?post=2254"}],"version-history":[{"count":5,"href":"https:\/\/www.ifbaiano.edu.br\/unidades\/lapa\/wp-json\/wp\/v2\/posts\/2254\/revisions"}],"predecessor-version":[{"id":2261,"href":"https:\/\/www.ifbaiano.edu.br\/unidades\/lapa\/wp-json\/wp\/v2\/posts\/2254\/revisions\/2261"}],"wp:attachment":[{"href":"https:\/\/www.ifbaiano.edu.br\/unidades\/lapa\/wp-json\/wp\/v2\/media?parent=2254"}],"wp:term":[{"taxonomy":"category","embeddable":true,"href":"https:\/\/www.ifbaiano.edu.br\/unidades\/lapa\/wp-json\/wp\/v2\/categories?post=2254"},{"taxonomy":"post_tag","embeddable":true,"href":"https:\/\/www.ifbaiano.edu.br\/unidades\/lapa\/wp-json\/wp\/v2\/tags?post=2254"}],"curies":[{"name":"wp","href":"https:\/\/api.w.org\/{rel}","templated":true}]}}