{"id":22623,"date":"2022-02-08T13:45:58","date_gmt":"2022-02-08T16:45:58","guid":{"rendered":"https:\/\/www.ifbaiano.edu.br\/unidades\/lapa\/?p=22623"},"modified":"2022-02-08T13:46:17","modified_gmt":"2022-02-08T16:46:17","slug":"live-prosel-2022","status":"publish","type":"post","link":"https:\/\/www.ifbaiano.edu.br\/unidades\/lapa\/2022\/02\/08\/live-prosel-2022\/","title":{"rendered":"Live com Orienta\u00e7\u00f5es sobre o Processo Seletivo 2022"},"content":{"rendered":"\n<p>O <em>Campus<\/em> Bom Jesus da Lapa promover\u00e1, no pr\u00f3ximo dia 10 de fevereiro de 2022, \u00e0s 17 horas, uma <em>live<\/em> com orienta\u00e7\u00f5es e esclarecimentos sobre o Edital n\u00ba 01 de 10\/01\/22, que disp\u00f5e sobre Processo seletivo para ingresso de estudantes nos cursos da educa\u00e7\u00e3o profissional t\u00e9cnica de n\u00edvel m\u00e9dio ofertados no IF Baiano <em>campus<\/em> Bom Jesus da Lapa (ano 2022).<br>A <em>live<\/em> poder\u00e1 ser acompanhada no Youtube institucional de acordo com as informa\u00e7\u00f5es abaixo.<br>Data: 10\/02\/2022<br>Hor\u00e1rio: das 17h \u00e0s 18h<br>Participantes:<br>Emerson Alves dos Santos \u2013 Diretor Acad\u00eamico<br>Jorge Abdon Miranda de Souza Junior \u2013Presidente da Comiss\u00e3o Local do Processo Seletivo<\/p>\n\n\n\n<figure class=\"wp-block-embed is-type-video is-provider-youtube wp-block-embed-youtube wp-embed-aspect-16-9 wp-has-aspect-ratio\"><div class=\"wp-block-embed__wrapper\">\n<iframe loading=\"lazy\" title=\"Orienta\u00e7\u00f5es Processo Seletivo 2022\" width=\"500\" height=\"281\" src=\"https:\/\/www.youtube.com\/embed\/teOPZtOWC6A?feature=oembed\" frameborder=\"0\" allow=\"accelerometer; autoplay; clipboard-write; encrypted-media; gyroscope; picture-in-picture\" allowfullscreen><\/iframe>\n<\/div><\/figure>\n","protected":false},"excerpt":{"rendered":"<p>O Campus Bom Jesus da Lapa promover\u00e1, no pr\u00f3ximo dia 10 de fevereiro de 2022, \u00e0s 17 horas, uma live com orienta\u00e7\u00f5es e esclarecimentos sobre o Edital n\u00ba 01 de 10\/01\/22, que disp\u00f5e sobre Processo seletivo para ingresso de estudantes nos cursos da educa\u00e7\u00e3o profissional t\u00e9cnica de n\u00edvel m\u00e9dio ofertados no IF Baiano campus Bom [&hellip;]<\/p>\n","protected":false},"author":100,"featured_media":22625,"comment_status":"open","ping_status":"open","sticky":false,"template":"","format":"standard","meta":[],"categories":[64,39,24,68,73,65],"tags":[],"_links":{"self":[{"href":"https:\/\/www.ifbaiano.edu.br\/unidades\/lapa\/wp-json\/wp\/v2\/posts\/22623"}],"collection":[{"href":"https:\/\/www.ifbaiano.edu.br\/unidades\/lapa\/wp-json\/wp\/v2\/posts"}],"about":[{"href":"https:\/\/www.ifbaiano.edu.br\/unidades\/lapa\/wp-json\/wp\/v2\/types\/post"}],"author":[{"embeddable":true,"href":"https:\/\/www.ifbaiano.edu.br\/unidades\/lapa\/wp-json\/wp\/v2\/users\/100"}],"replies":[{"embeddable":true,"href":"https:\/\/www.ifbaiano.edu.br\/unidades\/lapa\/wp-json\/wp\/v2\/comments?post=22623"}],"version-history":[{"count":3,"href":"https:\/\/www.ifbaiano.edu.br\/unidades\/lapa\/wp-json\/wp\/v2\/posts\/22623\/revisions"}],"predecessor-version":[{"id":22627,"href":"https:\/\/www.ifbaiano.edu.br\/unidades\/lapa\/wp-json\/wp\/v2\/posts\/22623\/revisions\/22627"}],"wp:featuredmedia":[{"embeddable":true,"href":"https:\/\/www.ifbaiano.edu.br\/unidades\/lapa\/wp-json\/wp\/v2\/media\/22625"}],"wp:attachment":[{"href":"https:\/\/www.ifbaiano.edu.br\/unidades\/lapa\/wp-json\/wp\/v2\/media?parent=22623"}],"wp:term":[{"taxonomy":"category","embeddable":true,"href":"https:\/\/www.ifbaiano.edu.br\/unidades\/lapa\/wp-json\/wp\/v2\/categories?post=22623"},{"taxonomy":"post_tag","embeddable":true,"href":"https:\/\/www.ifbaiano.edu.br\/unidades\/lapa\/wp-json\/wp\/v2\/tags?post=22623"}],"curies":[{"name":"wp","href":"https:\/\/api.w.org\/{rel}","templated":true}]}}