{"id":22677,"date":"2022-02-14T14:27:28","date_gmt":"2022-02-14T17:27:28","guid":{"rendered":"https:\/\/www.ifbaiano.edu.br\/unidades\/lapa\/?p=22677"},"modified":"2022-02-14T17:59:07","modified_gmt":"2022-02-14T20:59:07","slug":"vagas-remanescentes-agronomia-2022","status":"publish","type":"post","link":"https:\/\/www.ifbaiano.edu.br\/unidades\/lapa\/2022\/02\/14\/vagas-remanescentes-agronomia-2022\/","title":{"rendered":"Vagas Remanescentes em Curso de Gradua\u00e7\u00e3o Bacharelado em Engenharia Agron\u00f4mica \u2013 Campus Bom Jesus da Lapa"},"content":{"rendered":"\n<p>A comiss\u00e3o local dos processos seletivos para cursos de gradua\u00e7\u00e3o torna p\u00fablico que est\u00e3o abertas as inscri\u00e7\u00f5es para:<\/p>\n\n\n\n<p><strong>5 Vagas remanescentes \u2013 Engenharia Agron\u00f4mica<\/strong><\/p>\n\n\n\n<p><em>Campus<\/em> Bom Jesus da Lapa<\/p>\n\n\n\n<p>Forma de sele\u00e7\u00e3o:&nbsp;&nbsp;notas do ENEM das edi\u00e7\u00f5es de 2011 at\u00e9 2021<\/p>\n\n\n\n<p>Per\u00edodo de inscri\u00e7\u00e3o:&nbsp;<strong>16 a&nbsp;18 de fevereiro<\/strong>&nbsp;de 2022.<\/p>\n\n\n\n<p>Inscri\u00e7\u00f5es: As inscri\u00e7\u00f5es ser\u00e3o realizadas mediante envio da documenta\u00e7\u00e3o do item 3.3 digitalizada (preferencialmente em pdf) para&nbsp;<a rel=\"noreferrer noopener\" href=\"mailto:prosel@lapa.ifbaiano.edu.br\" target=\"_blank\">prosel@lapa.ifbaiano.edu.br<\/a>.<\/p>\n\n\n\n<p>Os documentos s\u00e3o:<\/p>\n<ol type=\"a\">\n<li>Requerimento de Inscri\u00e7\u00e3o (ANEXO II);<\/li>\n<li>Boletim do Enem (Edi\u00e7\u00f5es de 2011 a 2021);<\/li>\n<li>Documento de Identifica\u00e7\u00e3o civil \u2013 RG.<\/li>\n<\/ol>\n\n\n\n<p>Edital dispon\u00edvel em:<\/p>\n\n\n\n<p><a href=\"https:\/\/concurso.ifbaiano.edu.br\/portal\/vagas-engenharia-agronomica-lapa-fevereiro-2022\/\">https:\/\/concurso.ifbaiano.edu.br\/portal\/vagas-engenharia-agronomica-lapa-fevereiro-2022\/<\/a><\/p>\n","protected":false},"excerpt":{"rendered":"<p>A comiss\u00e3o local dos processos seletivos para cursos de gradua\u00e7\u00e3o torna p\u00fablico que est\u00e3o abertas as inscri\u00e7\u00f5es para: 5 Vagas remanescentes \u2013 Engenharia Agron\u00f4mica Campus Bom Jesus da Lapa Forma de sele\u00e7\u00e3o:&nbsp;&nbsp;notas do ENEM das edi\u00e7\u00f5es de 2011 at\u00e9 2021 Per\u00edodo de inscri\u00e7\u00e3o:&nbsp;16 a&nbsp;18 de fevereiro&nbsp;de 2022. Inscri\u00e7\u00f5es: As inscri\u00e7\u00f5es ser\u00e3o realizadas mediante envio da [&hellip;]<\/p>\n","protected":false},"author":100,"featured_media":22687,"comment_status":"open","ping_status":"open","sticky":false,"template":"","format":"standard","meta":[],"categories":[64,113,24,73,70,65],"tags":[],"_links":{"self":[{"href":"https:\/\/www.ifbaiano.edu.br\/unidades\/lapa\/wp-json\/wp\/v2\/posts\/22677"}],"collection":[{"href":"https:\/\/www.ifbaiano.edu.br\/unidades\/lapa\/wp-json\/wp\/v2\/posts"}],"about":[{"href":"https:\/\/www.ifbaiano.edu.br\/unidades\/lapa\/wp-json\/wp\/v2\/types\/post"}],"author":[{"embeddable":true,"href":"https:\/\/www.ifbaiano.edu.br\/unidades\/lapa\/wp-json\/wp\/v2\/users\/100"}],"replies":[{"embeddable":true,"href":"https:\/\/www.ifbaiano.edu.br\/unidades\/lapa\/wp-json\/wp\/v2\/comments?post=22677"}],"version-history":[{"count":6,"href":"https:\/\/www.ifbaiano.edu.br\/unidades\/lapa\/wp-json\/wp\/v2\/posts\/22677\/revisions"}],"predecessor-version":[{"id":22688,"href":"https:\/\/www.ifbaiano.edu.br\/unidades\/lapa\/wp-json\/wp\/v2\/posts\/22677\/revisions\/22688"}],"wp:featuredmedia":[{"embeddable":true,"href":"https:\/\/www.ifbaiano.edu.br\/unidades\/lapa\/wp-json\/wp\/v2\/media\/22687"}],"wp:attachment":[{"href":"https:\/\/www.ifbaiano.edu.br\/unidades\/lapa\/wp-json\/wp\/v2\/media?parent=22677"}],"wp:term":[{"taxonomy":"category","embeddable":true,"href":"https:\/\/www.ifbaiano.edu.br\/unidades\/lapa\/wp-json\/wp\/v2\/categories?post=22677"},{"taxonomy":"post_tag","embeddable":true,"href":"https:\/\/www.ifbaiano.edu.br\/unidades\/lapa\/wp-json\/wp\/v2\/tags?post=22677"}],"curies":[{"name":"wp","href":"https:\/\/api.w.org\/{rel}","templated":true}]}}