{"id":22702,"date":"2022-02-22T08:47:08","date_gmt":"2022-02-22T11:47:08","guid":{"rendered":"https:\/\/www.ifbaiano.edu.br\/unidades\/lapa\/?p=22702"},"modified":"2022-02-22T08:47:08","modified_gmt":"2022-02-22T11:47:08","slug":"reuniao-geral-estudantes-engenharia-agronomica","status":"publish","type":"post","link":"https:\/\/www.ifbaiano.edu.br\/unidades\/lapa\/2022\/02\/22\/reuniao-geral-estudantes-engenharia-agronomica\/","title":{"rendered":"Reuni\u00e3o Geral &#8211; Estudantes Engenharia Agron\u00f4mica"},"content":{"rendered":"\n<p>Prezados(as) estudantes, sejam bem-vindos e bem vindas ao IF Baiano &#8211; Campus Bom Jesus da Lapa!<\/p>\n\n\n\n<p>Com imensa satisfa\u00e7\u00e3o, comunicamos que no dia 23\/02, quarta-feira, \u00e0s 09:00 horas, realizaremos uma reuni\u00e3o virtual com estudantes veteranos e ingressantes para apresentar a organiza\u00e7\u00e3o e o funcionamento do semestre letivo 2021.2, quando retornaremos \u00e0s atividades presenciais. Refor\u00e7amos que neste momento, a presen\u00e7a de todos \u00e9 indispens\u00e1vel, para que possamos compreender a din\u00e2mica da oferta de disciplinas, conhecer o calend\u00e1rio, a data do retorno presencial e os protocolos sanit\u00e1rios e os procedimentos de rematr\u00edcula.<\/p>\n\n\n\n<p>O link da sala da reuni\u00e3o \u00e9 o seguinte: https:\/\/conferenciaweb.rnp.br\/webconf\/elisa-eni-freitag<\/p>\n\n\n\n<p>Qualquer d\u00favida sobre a reuni\u00e3o, sobre como acessar a sala e sobre o in\u00edcio do semestre letivo, pode ser retirada no e-mail:<br>agronomia@lapa.ifbaiano.edu.br<\/p>\n\n\n\n<p><\/p>\n\n\n\n<p><\/p>\n\n\n\n<div class=\"wp-block-image\"><figure class=\"aligncenter size-full is-resized\"><img decoding=\"async\" loading=\"lazy\" src=\"https:\/\/www.ifbaiano.edu.br\/unidades\/lapa\/files\/2022\/02\/Reuniao-Estudantes-Agronomia-23_02_22.jpeg\" alt=\"\" class=\"wp-image-22703\" width=\"444\" height=\"444\" \/><\/figure><\/div>\n","protected":false},"excerpt":{"rendered":"<p>Prezados(as) estudantes, sejam bem-vindos e bem vindas ao IF Baiano &#8211; Campus Bom Jesus da Lapa! Com imensa satisfa\u00e7\u00e3o, comunicamos que no dia 23\/02, quarta-feira, \u00e0s 09:00 horas, realizaremos uma reuni\u00e3o virtual com estudantes veteranos e ingressantes para apresentar a organiza\u00e7\u00e3o e o funcionamento do semestre letivo 2021.2, quando retornaremos \u00e0s atividades presenciais. Refor\u00e7amos que [&hellip;]<\/p>\n","protected":false},"author":58,"featured_media":22703,"comment_status":"open","ping_status":"open","sticky":false,"template":"","format":"standard","meta":[],"categories":[113,30,65],"tags":[],"_links":{"self":[{"href":"https:\/\/www.ifbaiano.edu.br\/unidades\/lapa\/wp-json\/wp\/v2\/posts\/22702"}],"collection":[{"href":"https:\/\/www.ifbaiano.edu.br\/unidades\/lapa\/wp-json\/wp\/v2\/posts"}],"about":[{"href":"https:\/\/www.ifbaiano.edu.br\/unidades\/lapa\/wp-json\/wp\/v2\/types\/post"}],"author":[{"embeddable":true,"href":"https:\/\/www.ifbaiano.edu.br\/unidades\/lapa\/wp-json\/wp\/v2\/users\/58"}],"replies":[{"embeddable":true,"href":"https:\/\/www.ifbaiano.edu.br\/unidades\/lapa\/wp-json\/wp\/v2\/comments?post=22702"}],"version-history":[{"count":2,"href":"https:\/\/www.ifbaiano.edu.br\/unidades\/lapa\/wp-json\/wp\/v2\/posts\/22702\/revisions"}],"predecessor-version":[{"id":22705,"href":"https:\/\/www.ifbaiano.edu.br\/unidades\/lapa\/wp-json\/wp\/v2\/posts\/22702\/revisions\/22705"}],"wp:featuredmedia":[{"embeddable":true,"href":"https:\/\/www.ifbaiano.edu.br\/unidades\/lapa\/wp-json\/wp\/v2\/media\/22703"}],"wp:attachment":[{"href":"https:\/\/www.ifbaiano.edu.br\/unidades\/lapa\/wp-json\/wp\/v2\/media?parent=22702"}],"wp:term":[{"taxonomy":"category","embeddable":true,"href":"https:\/\/www.ifbaiano.edu.br\/unidades\/lapa\/wp-json\/wp\/v2\/categories?post=22702"},{"taxonomy":"post_tag","embeddable":true,"href":"https:\/\/www.ifbaiano.edu.br\/unidades\/lapa\/wp-json\/wp\/v2\/tags?post=22702"}],"curies":[{"name":"wp","href":"https:\/\/api.w.org\/{rel}","templated":true}]}}