{"id":22706,"date":"2022-02-22T17:08:18","date_gmt":"2022-02-22T20:08:18","guid":{"rendered":"https:\/\/www.ifbaiano.edu.br\/unidades\/lapa\/?p=22706"},"modified":"2022-02-22T17:09:17","modified_gmt":"2022-02-22T20:09:17","slug":"live-retorno-integral-das-atividades-academicas-presenciais-if-baiano-campus-lapa","status":"publish","type":"post","link":"https:\/\/www.ifbaiano.edu.br\/unidades\/lapa\/2022\/02\/22\/live-retorno-integral-das-atividades-academicas-presenciais-if-baiano-campus-lapa\/","title":{"rendered":"Live: Retorno Integral das Atividades Acad\u00eamicas Presenciais &#8211; IF Baiano campus Lapa"},"content":{"rendered":"\n<figure class=\"wp-block-embed is-type-video is-provider-youtube wp-block-embed-youtube wp-embed-aspect-16-9 wp-has-aspect-ratio\"><div class=\"wp-block-embed__wrapper\">\n<iframe loading=\"lazy\" title=\"LIVE - Retorno Integral das Atividades Acad\u00eamicas Presenciais\" width=\"500\" height=\"281\" src=\"https:\/\/www.youtube.com\/embed\/FfmHcD1Aodo?feature=oembed\" frameborder=\"0\" allow=\"accelerometer; autoplay; clipboard-write; encrypted-media; gyroscope; picture-in-picture\" allowfullscreen><\/iframe>\n<\/div><\/figure>\n\n\n\n<p><br><\/p>\n\n\n\n<p>O Campus Bom Jesus da Lapa promover\u00e1 uma live com orienta\u00e7\u00f5es e esclarecimentos sobre o Retorno Integral das Atividades Acad\u00eamicas presenciais, no pr\u00f3ximo dia 24 de fevereiro de 2022, \u00e0s 19 horas, atrav\u00e9s do Youtube no canal oficial do campus. <\/p>\n\n\n\n<p>Diante disso, convidamos todos os alunos, m\u00e3es, pais, respons\u00e1veis legais, bem como toda comunidade acad\u00eamica e comunidade externa para participarem dessa transmiss\u00e3o.<\/p>\n\n\n\n<p><br>A live poder\u00e1 ser acompanhada no Youtube institucional de acordo com as informa\u00e7\u00f5es abaixo.<br><\/p>\n\n\n\n<p>Data: 24\/02\/2022<br><\/p>\n\n\n\n<p>Hor\u00e1rio: 19h<br><\/p>\n\n\n\n<p>Participantes:<br>Assunto: Esclarecimentos aos pais, alunos e respons\u00e1veis legais.<br>Participantes:<br>Ge\u00e2ngelo Rosa &#8211; Diretor Geral<br>Emerson Santos &#8211; Diretor Acad\u00eamico<br>\u00c9rico Fran\u00e7a &#8211; Coordenador de Ensino<br>Rodrigo Stolze &#8211; Enfermeiro\/Pres. Comit\u00ea C0VID19<br>Int\u00e9rpretes de Libras:<br>Ivonete Souza e Luciana Cardial<\/p>\n\n\n\n<p><br><a rel=\"noreferrer noopener\" href=\"https:\/\/www.youtube.com\/watch?v=FfmHcD1Aodo\" target=\"_blank\">Transmiss\u00e3o no YOUTUBE<\/a><br>Link: https:\/\/www.youtube.com\/watch?v=FfmHcD1Aodo<\/p>\n\n\n\n<div class=\"wp-block-image\"><figure class=\"aligncenter size-full is-resized\"><img decoding=\"async\" loading=\"lazy\" src=\"https:\/\/www.ifbaiano.edu.br\/unidades\/lapa\/files\/2022\/02\/f13275b9-3c94-43cb-a614-3923bacb4d8a.png\" alt=\"\" class=\"wp-image-22711\" width=\"436\" height=\"436\" \/><\/figure><\/div>\n","protected":false},"excerpt":{"rendered":"<p>O Campus Bom Jesus da Lapa promover\u00e1 uma live com orienta\u00e7\u00f5es e esclarecimentos sobre o Retorno Integral das Atividades Acad\u00eamicas presenciais, no pr\u00f3ximo dia 24 de fevereiro de 2022, \u00e0s 19 horas, atrav\u00e9s do Youtube no canal oficial do campus. Diante disso, convidamos todos os alunos, m\u00e3es, pais, respons\u00e1veis legais, bem como toda comunidade acad\u00eamica [&hellip;]<\/p>\n","protected":false},"author":58,"featured_media":22711,"comment_status":"open","ping_status":"open","sticky":false,"template":"","format":"standard","meta":[],"categories":[64,30,24,65],"tags":[],"_links":{"self":[{"href":"https:\/\/www.ifbaiano.edu.br\/unidades\/lapa\/wp-json\/wp\/v2\/posts\/22706"}],"collection":[{"href":"https:\/\/www.ifbaiano.edu.br\/unidades\/lapa\/wp-json\/wp\/v2\/posts"}],"about":[{"href":"https:\/\/www.ifbaiano.edu.br\/unidades\/lapa\/wp-json\/wp\/v2\/types\/post"}],"author":[{"embeddable":true,"href":"https:\/\/www.ifbaiano.edu.br\/unidades\/lapa\/wp-json\/wp\/v2\/users\/58"}],"replies":[{"embeddable":true,"href":"https:\/\/www.ifbaiano.edu.br\/unidades\/lapa\/wp-json\/wp\/v2\/comments?post=22706"}],"version-history":[{"count":3,"href":"https:\/\/www.ifbaiano.edu.br\/unidades\/lapa\/wp-json\/wp\/v2\/posts\/22706\/revisions"}],"predecessor-version":[{"id":22713,"href":"https:\/\/www.ifbaiano.edu.br\/unidades\/lapa\/wp-json\/wp\/v2\/posts\/22706\/revisions\/22713"}],"wp:featuredmedia":[{"embeddable":true,"href":"https:\/\/www.ifbaiano.edu.br\/unidades\/lapa\/wp-json\/wp\/v2\/media\/22711"}],"wp:attachment":[{"href":"https:\/\/www.ifbaiano.edu.br\/unidades\/lapa\/wp-json\/wp\/v2\/media?parent=22706"}],"wp:term":[{"taxonomy":"category","embeddable":true,"href":"https:\/\/www.ifbaiano.edu.br\/unidades\/lapa\/wp-json\/wp\/v2\/categories?post=22706"},{"taxonomy":"post_tag","embeddable":true,"href":"https:\/\/www.ifbaiano.edu.br\/unidades\/lapa\/wp-json\/wp\/v2\/tags?post=22706"}],"curies":[{"name":"wp","href":"https:\/\/api.w.org\/{rel}","templated":true}]}}