{"id":22722,"date":"2022-02-28T18:07:33","date_gmt":"2022-02-28T21:07:33","guid":{"rendered":"https:\/\/www.ifbaiano.edu.br\/unidades\/lapa\/?p=22722"},"modified":"2022-02-28T18:09:08","modified_gmt":"2022-02-28T21:09:08","slug":"divulgacao-preliminar-das-inscricoes-aceitas-processo-seletivo-ensino-medio-integrado-edital-01-2022","status":"publish","type":"post","link":"https:\/\/www.ifbaiano.edu.br\/unidades\/lapa\/2022\/02\/28\/divulgacao-preliminar-das-inscricoes-aceitas-processo-seletivo-ensino-medio-integrado-edital-01-2022\/","title":{"rendered":"Divulga\u00e7\u00e3o Preliminar das Inscri\u00e7\u00f5es Aceitas &#8211; Processo Seletivo Ensino M\u00e9dio Integrado &#8211; Edital 01\/2022"},"content":{"rendered":"\n<p>A Diretoria Geral do IF Baiano Campus Bom Jesus da Lapa publica a divulga\u00e7\u00e3o preliminar das inscri\u00e7\u00f5es aceitas do Processo Seletivo para ingresso de estudantes nos cursos da Educa\u00e7\u00e3o Profissional T\u00e9cnica de N\u00edvel M\u00e9dio, na forma integrada ao ensino m\u00e9dio \u2013 modalidade presencial &#8211; Referente ao Edital N\u00b0 01\/2022 de 10 de janeiro de 2022.<\/p>\n\n\n\n<p><a rel=\"noreferrer noopener\" href=\"https:\/\/www.ifbaiano.edu.br\/unidades\/lapa\/files\/2022\/02\/Homologacao-Prosel-2022-Assinado.pdf\" target=\"_blank\">Divulga\u00e7\u00e3o Preliminar das Inscri\u00e7\u00f5es Aceitas \u2013 Processo Seletivo \u2013 Edital 01\/2022 \u2013 Publicada 28\/02\/2022 (Documento pdf, abre em nova aba)<\/a><\/p>\n","protected":false},"excerpt":{"rendered":"<p>A Diretoria Geral do IF Baiano Campus Bom Jesus da Lapa publica a divulga\u00e7\u00e3o preliminar das inscri\u00e7\u00f5es aceitas do Processo Seletivo para ingresso de estudantes nos cursos da Educa\u00e7\u00e3o Profissional T\u00e9cnica de N\u00edvel M\u00e9dio, na forma integrada ao ensino m\u00e9dio \u2013 modalidade presencial &#8211; Referente ao Edital N\u00b0 01\/2022 de 10 de janeiro de 2022. [&hellip;]<\/p>\n","protected":false},"author":58,"featured_media":0,"comment_status":"open","ping_status":"open","sticky":true,"template":"","format":"standard","meta":[],"categories":[36,34,64,24,68,65],"tags":[],"_links":{"self":[{"href":"https:\/\/www.ifbaiano.edu.br\/unidades\/lapa\/wp-json\/wp\/v2\/posts\/22722"}],"collection":[{"href":"https:\/\/www.ifbaiano.edu.br\/unidades\/lapa\/wp-json\/wp\/v2\/posts"}],"about":[{"href":"https:\/\/www.ifbaiano.edu.br\/unidades\/lapa\/wp-json\/wp\/v2\/types\/post"}],"author":[{"embeddable":true,"href":"https:\/\/www.ifbaiano.edu.br\/unidades\/lapa\/wp-json\/wp\/v2\/users\/58"}],"replies":[{"embeddable":true,"href":"https:\/\/www.ifbaiano.edu.br\/unidades\/lapa\/wp-json\/wp\/v2\/comments?post=22722"}],"version-history":[{"count":4,"href":"https:\/\/www.ifbaiano.edu.br\/unidades\/lapa\/wp-json\/wp\/v2\/posts\/22722\/revisions"}],"predecessor-version":[{"id":22726,"href":"https:\/\/www.ifbaiano.edu.br\/unidades\/lapa\/wp-json\/wp\/v2\/posts\/22722\/revisions\/22726"}],"wp:attachment":[{"href":"https:\/\/www.ifbaiano.edu.br\/unidades\/lapa\/wp-json\/wp\/v2\/media?parent=22722"}],"wp:term":[{"taxonomy":"category","embeddable":true,"href":"https:\/\/www.ifbaiano.edu.br\/unidades\/lapa\/wp-json\/wp\/v2\/categories?post=22722"},{"taxonomy":"post_tag","embeddable":true,"href":"https:\/\/www.ifbaiano.edu.br\/unidades\/lapa\/wp-json\/wp\/v2\/tags?post=22722"}],"curies":[{"name":"wp","href":"https:\/\/api.w.org\/{rel}","templated":true}]}}