{"id":22731,"date":"2022-03-01T15:50:49","date_gmt":"2022-03-01T18:50:49","guid":{"rendered":"https:\/\/www.ifbaiano.edu.br\/unidades\/lapa\/?p=22731"},"modified":"2022-03-01T15:55:37","modified_gmt":"2022-03-01T18:55:37","slug":"nota-informativa-retorno-seguro-if-baiano-campus-bom-jesus-da-lapa-lanca-formulario-para-controle-do-esquema-vacinal-dos-estudantes-contra-a-covid-19","status":"publish","type":"post","link":"https:\/\/www.ifbaiano.edu.br\/unidades\/lapa\/2022\/03\/01\/nota-informativa-retorno-seguro-if-baiano-campus-bom-jesus-da-lapa-lanca-formulario-para-controle-do-esquema-vacinal-dos-estudantes-contra-a-covid-19\/","title":{"rendered":"NOTA INFORMATIVA &#8211; Retorno seguro: IF Baiano Campus Bom Jesus da Lapa lan\u00e7a formul\u00e1rio para controle do esquema vacinal dos estudantes contra a Covid-19"},"content":{"rendered":"\n<p>Em conformidade com a Instru\u00e7\u00e3o Normativa N\u00b0 06\/2022, que estabeleceu condi\u00e7\u00f5es para um retorno seguro e inclusivo das atividades presenciais nas unidades do IF Baiano, o Campus Bom Jesus da Lapa, ciente do seu compromisso social, disponibilizar\u00e1 nos pr\u00f3ximos dias um formul\u00e1rio eletr\u00f4nico ( <a href=\"https:\/\/forms.gle\/pdEuH7dVh1W2apYK9\">https:\/\/forms.gle\/pdEuH7dVh1W2apYK9 <\/a>) -individual e \u00fanico, portanto, n\u00e3o compartilh\u00e1vel &#8211; para conhecer a situa\u00e7\u00e3o vacinal contra a Covid-19 dos nossos estudantes. As informa\u00e7\u00f5es coletadas s\u00e3o fundamentais para assegurar as condi\u00e7\u00f5es adequadas para a realiza\u00e7\u00e3o das atividades presenciais e devem ser preenchidas at\u00e9 06 de mar\u00e7o de 2022.<\/p>\n\n\n\n<p>Apenas estudantes completamente vacinados \u2013 com duas doses, dose \u00fanica ou que tenham iniciado o esquema vacinal, e estejam aguardando o per\u00edodo previsto no Plano Nacional de Imuniza\u00e7\u00e3o Brasileiro para conclui-lo, poder\u00e3o frequentar os espa\u00e7os do Campus, haja vista a manuten\u00e7\u00e3o do estado de emerg\u00eancia sanit\u00e1ria por conta da pandemia.<\/p>\n\n\n\n<p>Sabe-se que a vacina\u00e7\u00e3o, apesar de n\u00e3o impedir o cont\u00e1gio com o coronav\u00edrus, ainda fornece a melhor resposta contra casos graves e \u00f3bitos, sendo primordial para prote\u00e7\u00e3o individual e coletiva.<\/p>\n\n\n\n<p>A comprova\u00e7\u00e3o do esquema vacinal completo ou iniciado tamb\u00e9m far\u00e1 parte deste levantamento de dados.<\/p>\n\n\n\n<p>A partir do formul\u00e1rio, ser\u00e1 poss\u00edvel tamb\u00e9m avaliar a ades\u00e3o da comunidade \u00e0s melhores orienta\u00e7\u00f5es sanit\u00e1rias. E os dados coletados servir\u00e3o para orientar os respons\u00e1veis pelos setores sobre os procedimentos espec\u00edficos para fazer cumprir as decis\u00f5es institucionais. A confidencialidade e a seguran\u00e7a de informa\u00e7\u00f5es obtidas por meio do formul\u00e1rio s\u00e3o asseguradas, al\u00e9m do uso exclusivo para os fins de verifica\u00e7\u00e3o do estado vacinal e para as provid\u00eancias relativas \u00e0 prote\u00e7\u00e3o das pessoas em atividades presenciais.<\/p>\n\n\n\n<p><\/p>\n\n\n\n<p><a href=\"https:\/\/www.ifbaiano.edu.br\/unidades\/lapa\/files\/2022\/03\/ANEXO-I.pdf\" target=\"_blank\" rel=\"noreferrer noopener\">Anexo I &#8211; AUTODECLARA\u00c7\u00c3O DE ATUALIZA\u00c7\u00c3O DE ESQUEMA VACINAL (Arquivo em PDF &#8211; Abre em nova janela)<\/a><\/p>\n\n\n\n<figure class=\"wp-block-image size-full\"><img decoding=\"async\" loading=\"lazy\" width=\"1280\" height=\"326\" src=\"https:\/\/www.ifbaiano.edu.br\/unidades\/lapa\/files\/2022\/03\/ed9af45a-8cfd-4d20-8425-fb794065093d.jpg\" alt=\"\" class=\"wp-image-22735\" \/><\/figure>\n","protected":false},"excerpt":{"rendered":"<p>Em conformidade com a Instru\u00e7\u00e3o Normativa N\u00b0 06\/2022, que estabeleceu condi\u00e7\u00f5es para um retorno seguro e inclusivo das atividades presenciais nas unidades do IF Baiano, o Campus Bom Jesus da Lapa, ciente do seu compromisso social, disponibilizar\u00e1 nos pr\u00f3ximos dias um formul\u00e1rio eletr\u00f4nico ( https:\/\/forms.gle\/pdEuH7dVh1W2apYK9 ) -individual e \u00fanico, portanto, n\u00e3o compartilh\u00e1vel &#8211; para conhecer [&hellip;]<\/p>\n","protected":false},"author":58,"featured_media":22735,"comment_status":"open","ping_status":"open","sticky":true,"template":"","format":"standard","meta":[],"categories":[64,113,30,37,112,24,69,70,65],"tags":[],"_links":{"self":[{"href":"https:\/\/www.ifbaiano.edu.br\/unidades\/lapa\/wp-json\/wp\/v2\/posts\/22731"}],"collection":[{"href":"https:\/\/www.ifbaiano.edu.br\/unidades\/lapa\/wp-json\/wp\/v2\/posts"}],"about":[{"href":"https:\/\/www.ifbaiano.edu.br\/unidades\/lapa\/wp-json\/wp\/v2\/types\/post"}],"author":[{"embeddable":true,"href":"https:\/\/www.ifbaiano.edu.br\/unidades\/lapa\/wp-json\/wp\/v2\/users\/58"}],"replies":[{"embeddable":true,"href":"https:\/\/www.ifbaiano.edu.br\/unidades\/lapa\/wp-json\/wp\/v2\/comments?post=22731"}],"version-history":[{"count":8,"href":"https:\/\/www.ifbaiano.edu.br\/unidades\/lapa\/wp-json\/wp\/v2\/posts\/22731\/revisions"}],"predecessor-version":[{"id":24436,"href":"https:\/\/www.ifbaiano.edu.br\/unidades\/lapa\/wp-json\/wp\/v2\/posts\/22731\/revisions\/24436"}],"wp:featuredmedia":[{"embeddable":true,"href":"https:\/\/www.ifbaiano.edu.br\/unidades\/lapa\/wp-json\/wp\/v2\/media\/22735"}],"wp:attachment":[{"href":"https:\/\/www.ifbaiano.edu.br\/unidades\/lapa\/wp-json\/wp\/v2\/media?parent=22731"}],"wp:term":[{"taxonomy":"category","embeddable":true,"href":"https:\/\/www.ifbaiano.edu.br\/unidades\/lapa\/wp-json\/wp\/v2\/categories?post=22731"},{"taxonomy":"post_tag","embeddable":true,"href":"https:\/\/www.ifbaiano.edu.br\/unidades\/lapa\/wp-json\/wp\/v2\/tags?post=22731"}],"curies":[{"name":"wp","href":"https:\/\/api.w.org\/{rel}","templated":true}]}}