{"id":22760,"date":"2022-03-02T20:02:17","date_gmt":"2022-03-02T23:02:17","guid":{"rendered":"https:\/\/www.ifbaiano.edu.br\/unidades\/lapa\/?p=22760"},"modified":"2022-03-02T20:02:18","modified_gmt":"2022-03-02T23:02:18","slug":"chamada-interna-para-avaliacao-de-alunos-do-ultimo-periodo-regular-dos-cursos-da-educacao-profissional-tecnica-integrada-ao-ensino-medio-campus-bom-jesus-da-lapa-requisitantes-da-certificacao-do-ens","status":"publish","type":"post","link":"https:\/\/www.ifbaiano.edu.br\/unidades\/lapa\/2022\/03\/02\/chamada-interna-para-avaliacao-de-alunos-do-ultimo-periodo-regular-dos-cursos-da-educacao-profissional-tecnica-integrada-ao-ensino-medio-campus-bom-jesus-da-lapa-requisitantes-da-certificacao-do-ens\/","title":{"rendered":"CHAMADA INTERNA PARA AVALIA\u00c7\u00c3O DE ALUNOS DO \u00daLTIMO PER\u00cdODO REGULAR DOS CURSOS DA EDUCA\u00c7\u00c3O PROFISSIONAL T\u00c9CNICA INTEGRADA AO ENSINO M\u00c9DIO, CAMPUS BOM JESUS DA LAPA, REQUISITANTES DA CERTIFICA\u00c7\u00c3O DO ENSINO M\u00c9DIO"},"content":{"rendered":"\n<p>O DIRETOR-GERAL DO INSTITUTO FEDERAL DE EDUCA\u00c7\u00c3O, CI\u00caNCIA E TECNOLOGIA BAIANO \u2013 CAMPUS BOM JESUS DA LAPA, torna p\u00fablico o Edital de Chamada Interna para realiza\u00e7\u00e3o da Avalia\u00e7\u00e3o Interna de estudantes matriculados no \u00faltimo per\u00edodo regular dos Cursos da Educa\u00e7\u00e3o Profissional T\u00e9cnica Integrada ao Ensino M\u00e9dio do IF Baiano, requisitantes da Certifica\u00e7\u00e3o do Ensino M\u00e9dio<\/p>\n\n\n\n<p>A presente Chamada Interna tem por objetivo normatizar o procedimento de Avalia\u00e7\u00e3o Interna para Certifica\u00e7\u00e3o do Ensino M\u00e9dio no \u00e2mbito do IF Baiano, em car\u00e1ter excepcional em fun\u00e7\u00e3o da COVID-19, conforme o disposto na Portaria Normativa 4\/2021 &#8211; RET-GAB\/RET\/IFBAIANO, de 26 de abril de 2021 alterada pela Portaria Normativa 6\/2021 &#8211; RET-GAB\/RET\/IFBAIANO, de 11 de maio de 2021.<\/p>\n\n\n\n<p>A avalia\u00e7\u00e3o ser\u00e1 composta por 40 quest\u00f5es objetivas, sendo 10 quest\u00f5es de cada \u00e1rea do conhecimento (ci\u00eancia da natureza e suas tecnologias, ci\u00eancias humanas e suas tecnologias, linguagens, c\u00f3digos e suas tecnologias e matem\u00e1tica e suas tecnologias) e uma prova de reda\u00e7\u00e3o. Cada \u00e1rea do conhecimento ter\u00e1 uma totaliza\u00e7\u00e3o m\u00e1xima de 1000 pontos. A prova de reda\u00e7\u00e3o ter\u00e1 pontua\u00e7\u00e3o m\u00e1xima de 1000 pontos.<\/p>\n\n\n\n<p>Poder\u00e3o inscrever-se estudantes com matr\u00edcula e frequ\u00eancia regular no \u00faltimo per\u00edodo letivo dos Cursos de Educa\u00e7\u00e3o Profissional T\u00e9cnica Integrada ao Ensino M\u00e9dio do IF Baiano Campus Bom Jesus da Lapa. As inscri\u00e7\u00f5es ser\u00e3o realizadas de forma EXCLUSIVAMENTE eletr\u00f4nica por meio do link https:\/\/forms.gle\/mr38Yh2nwQSqA72ZA, a ser disponibilizado no dia 03\/03\/2022.<\/p>\n\n\n\n<p>A avalia\u00e7\u00e3o ser\u00e1 aplicada no dia 04 de mar\u00e7o de 2022, \u00e0s 08:00 horas da manh\u00e3, atrav\u00e9s do Ambiente Virtual de Aprendizagem &#8211; Moodle do IF Baiano Campus Bom Jesus da Lapa, de acesso exclusivo aos estudantes matriculados.<\/p>\n\n\n\n<p><\/p>\n\n\n\n<p><a rel=\"noreferrer noopener\" href=\"https:\/\/www.ifbaiano.edu.br\/unidades\/lapa\/edital-4-2022\/\" target=\"_blank\">Acesse aqui a p\u00e1gina do Edital para maiores detalhes<\/a><\/p>\n","protected":false},"excerpt":{"rendered":"<p>O DIRETOR-GERAL DO INSTITUTO FEDERAL DE EDUCA\u00c7\u00c3O, CI\u00caNCIA E TECNOLOGIA BAIANO \u2013 CAMPUS BOM JESUS DA LAPA, torna p\u00fablico o Edital de Chamada Interna para realiza\u00e7\u00e3o da Avalia\u00e7\u00e3o Interna de estudantes matriculados no \u00faltimo per\u00edodo regular dos Cursos da Educa\u00e7\u00e3o Profissional T\u00e9cnica Integrada ao Ensino M\u00e9dio do IF Baiano, requisitantes da Certifica\u00e7\u00e3o do Ensino M\u00e9dio [&hellip;]<\/p>\n","protected":false},"author":58,"featured_media":0,"comment_status":"open","ping_status":"open","sticky":false,"template":"","format":"standard","meta":[],"categories":[34,24,68,65],"tags":[],"_links":{"self":[{"href":"https:\/\/www.ifbaiano.edu.br\/unidades\/lapa\/wp-json\/wp\/v2\/posts\/22760"}],"collection":[{"href":"https:\/\/www.ifbaiano.edu.br\/unidades\/lapa\/wp-json\/wp\/v2\/posts"}],"about":[{"href":"https:\/\/www.ifbaiano.edu.br\/unidades\/lapa\/wp-json\/wp\/v2\/types\/post"}],"author":[{"embeddable":true,"href":"https:\/\/www.ifbaiano.edu.br\/unidades\/lapa\/wp-json\/wp\/v2\/users\/58"}],"replies":[{"embeddable":true,"href":"https:\/\/www.ifbaiano.edu.br\/unidades\/lapa\/wp-json\/wp\/v2\/comments?post=22760"}],"version-history":[{"count":1,"href":"https:\/\/www.ifbaiano.edu.br\/unidades\/lapa\/wp-json\/wp\/v2\/posts\/22760\/revisions"}],"predecessor-version":[{"id":22761,"href":"https:\/\/www.ifbaiano.edu.br\/unidades\/lapa\/wp-json\/wp\/v2\/posts\/22760\/revisions\/22761"}],"wp:attachment":[{"href":"https:\/\/www.ifbaiano.edu.br\/unidades\/lapa\/wp-json\/wp\/v2\/media?parent=22760"}],"wp:term":[{"taxonomy":"category","embeddable":true,"href":"https:\/\/www.ifbaiano.edu.br\/unidades\/lapa\/wp-json\/wp\/v2\/categories?post=22760"},{"taxonomy":"post_tag","embeddable":true,"href":"https:\/\/www.ifbaiano.edu.br\/unidades\/lapa\/wp-json\/wp\/v2\/tags?post=22760"}],"curies":[{"name":"wp","href":"https:\/\/api.w.org\/{rel}","templated":true}]}}