{"id":22765,"date":"2022-03-02T20:13:50","date_gmt":"2022-03-02T23:13:50","guid":{"rendered":"https:\/\/www.ifbaiano.edu.br\/unidades\/lapa\/?p=22765"},"modified":"2022-03-02T20:13:51","modified_gmt":"2022-03-02T23:13:51","slug":"inicio-das-aulas-do-semestre-letivo-2021-2-engenharia-agronomica","status":"publish","type":"post","link":"https:\/\/www.ifbaiano.edu.br\/unidades\/lapa\/2022\/03\/02\/inicio-das-aulas-do-semestre-letivo-2021-2-engenharia-agronomica\/","title":{"rendered":"In\u00edcio das aulas do semestre letivo 2021.2 &#8211; Engenharia Agron\u00f4mica"},"content":{"rendered":"\n<p>Comunicamos aos estudantes do curso de Engenharia Agron\u00f4mica o in\u00edcio do semestre letivo 2021.2. As atividades de abertura do semestre ocorrer\u00e3o nos dias 3, 4 e\u00a07 de mar\u00e7o de 2022, conforme programa\u00e7\u00e3o e formato abaixo:<\/p>\n\n\n\n<p><strong>No dia\u00a03 de mar\u00e7o<\/strong>, as atividades ser\u00e3o exclusivamente\u00a0<strong>VIRTUAIS<\/strong>, transmitidas no youtube do curso, no link:\u00a0\u00a0<a rel=\"noreferrer noopener\" target=\"_blank\" href=\"https:\/\/youtu.be\/7rBH-v8QOTM\">https:\/\/youtu.be\/7rBH-v8QOTM<\/a>\u00a0. Neste dia, dever\u00e3o participar todos os alunos do curso.<br><br><strong>No dia\u00a04 de mar\u00e7o<\/strong>, as atividades ser\u00e3o realizadas tamb\u00e9m no formato\u00a0<strong>VIRTUAL<\/strong>, por\u00e9m atrav\u00e9s do link:\u00a0<a rel=\"noreferrer noopener\" target=\"_blank\" href=\"https:\/\/conferenciaweb.rnp.br\/webconf\/elisa-eni-freitag\">https:\/\/conferenciaweb.rnp.br\/webconf\/elisa-eni-freitag<\/a>\u00a0. As atividades deste dia s\u00e3o exclusivas para os alunos da turma ingressante.\u00a0<\/p>\n\n\n\n<p><strong>No dia\u00a007 de mar\u00e7o<\/strong>,\u00a0ocorrer\u00e1 a recep\u00e7\u00e3o\u00a0<strong>PRESENCIAL<\/strong>\u00a0dos estudantes e servidores, no gin\u00e1sio de esportes do\u00a0<em>Campus<\/em>. Para tanto, a presen\u00e7a de todos \u00e9 de grande import\u00e2ncia. Ressaltamos que\u00a0a partir das 09h30min (terceiro hor\u00e1rio)\u00a0<strong>os alunos\u00a0ter\u00e3o aula normal.<\/strong><\/p>\n\n\n\n<p>A Coordena\u00e7\u00e3o do Curso e Equipe deseja boas-vindas a todos(as)!<\/p>\n\n\n\n<p><\/p>\n\n\n\n<div class=\"wp-block-image\"><figure class=\"aligncenter size-full is-resized\"><img decoding=\"async\" loading=\"lazy\" src=\"https:\/\/www.ifbaiano.edu.br\/unidades\/lapa\/files\/2022\/03\/Aula-inaugural-2021.2.png\" alt=\"\" class=\"wp-image-22767\" width=\"604\" height=\"604\" \/><\/figure><\/div>\n","protected":false},"excerpt":{"rendered":"<p>Comunicamos aos estudantes do curso de Engenharia Agron\u00f4mica o in\u00edcio do semestre letivo 2021.2. As atividades de abertura do semestre ocorrer\u00e3o nos dias 3, 4 e\u00a07 de mar\u00e7o de 2022, conforme programa\u00e7\u00e3o e formato abaixo: No dia\u00a03 de mar\u00e7o, as atividades ser\u00e3o exclusivamente\u00a0VIRTUAIS, transmitidas no youtube do curso, no link:\u00a0\u00a0https:\/\/youtu.be\/7rBH-v8QOTM\u00a0. Neste dia, dever\u00e3o participar todos [&hellip;]<\/p>\n","protected":false},"author":58,"featured_media":22767,"comment_status":"open","ping_status":"open","sticky":false,"template":"","format":"standard","meta":[],"categories":[64,113],"tags":[],"_links":{"self":[{"href":"https:\/\/www.ifbaiano.edu.br\/unidades\/lapa\/wp-json\/wp\/v2\/posts\/22765"}],"collection":[{"href":"https:\/\/www.ifbaiano.edu.br\/unidades\/lapa\/wp-json\/wp\/v2\/posts"}],"about":[{"href":"https:\/\/www.ifbaiano.edu.br\/unidades\/lapa\/wp-json\/wp\/v2\/types\/post"}],"author":[{"embeddable":true,"href":"https:\/\/www.ifbaiano.edu.br\/unidades\/lapa\/wp-json\/wp\/v2\/users\/58"}],"replies":[{"embeddable":true,"href":"https:\/\/www.ifbaiano.edu.br\/unidades\/lapa\/wp-json\/wp\/v2\/comments?post=22765"}],"version-history":[{"count":2,"href":"https:\/\/www.ifbaiano.edu.br\/unidades\/lapa\/wp-json\/wp\/v2\/posts\/22765\/revisions"}],"predecessor-version":[{"id":22768,"href":"https:\/\/www.ifbaiano.edu.br\/unidades\/lapa\/wp-json\/wp\/v2\/posts\/22765\/revisions\/22768"}],"wp:featuredmedia":[{"embeddable":true,"href":"https:\/\/www.ifbaiano.edu.br\/unidades\/lapa\/wp-json\/wp\/v2\/media\/22767"}],"wp:attachment":[{"href":"https:\/\/www.ifbaiano.edu.br\/unidades\/lapa\/wp-json\/wp\/v2\/media?parent=22765"}],"wp:term":[{"taxonomy":"category","embeddable":true,"href":"https:\/\/www.ifbaiano.edu.br\/unidades\/lapa\/wp-json\/wp\/v2\/categories?post=22765"},{"taxonomy":"post_tag","embeddable":true,"href":"https:\/\/www.ifbaiano.edu.br\/unidades\/lapa\/wp-json\/wp\/v2\/tags?post=22765"}],"curies":[{"name":"wp","href":"https:\/\/api.w.org\/{rel}","templated":true}]}}