{"id":22769,"date":"2022-03-03T11:25:12","date_gmt":"2022-03-03T14:25:12","guid":{"rendered":"https:\/\/www.ifbaiano.edu.br\/unidades\/lapa\/?p=22769"},"modified":"2022-03-03T11:25:13","modified_gmt":"2022-03-03T14:25:13","slug":"encontro-pedagogico-if-baiano-campus-bom-jesus-da-lapa","status":"publish","type":"post","link":"https:\/\/www.ifbaiano.edu.br\/unidades\/lapa\/2022\/03\/03\/encontro-pedagogico-if-baiano-campus-bom-jesus-da-lapa\/","title":{"rendered":"Encontro Pedag\u00f3gico \u2013 IF Baiano Campus Bom Jesus da Lapa"},"content":{"rendered":"\n<p>Com o prop\u00f3sito de discutir as proposi\u00e7\u00f5es pedag\u00f3gicas associadas ao retorno integral das atividades acad\u00eamicas presenciais, O IF Baiano Campus Bom Jesus da Lapa promover\u00e1, entre os dias 03 e 04 de mar\u00e7o, um Encontro Pedag\u00f3gico com docentes e t\u00e9cnicos em assuntos educacionais. A atividade tem como objetivo proporcionar aos servidores um momento de acolhimento e reflex\u00e3o, como tamb\u00e9m um espa\u00e7o interativo para organiza\u00e7\u00e3o das atividades letivas e de discuss\u00e3o de temas importantes do contexto escolar.<\/p>\n\n\n\n<p><br>A atividade ser\u00e1 presencial no audit\u00f3rio do Campus. Os servidores que estiverem em trabalho remoto ao longo desta semana, poder\u00e3o acompanhar as discuss\u00f5es atrav\u00e9s da plataforma RNP: <\/p>\n\n\n\n<p><\/p>\n\n\n\n<p>https:\/\/conferenciaweb.rnp.br\/webconf\/nce-bom-jesus-da-lapa<\/p>\n\n\n\n<figure class=\"wp-block-image size-full\"><img decoding=\"async\" loading=\"lazy\" width=\"1080\" height=\"1080\" src=\"https:\/\/www.ifbaiano.edu.br\/unidades\/lapa\/files\/2022\/03\/6818acaf-5992-40f9-942b-dc7108ece447.jpg\" alt=\"\" class=\"wp-image-22770\" \/><\/figure>\n","protected":false},"excerpt":{"rendered":"<p>Com o prop\u00f3sito de discutir as proposi\u00e7\u00f5es pedag\u00f3gicas associadas ao retorno integral das atividades acad\u00eamicas presenciais, O IF Baiano Campus Bom Jesus da Lapa promover\u00e1, entre os dias 03 e 04 de mar\u00e7o, um Encontro Pedag\u00f3gico com docentes e t\u00e9cnicos em assuntos educacionais. A atividade tem como objetivo proporcionar aos servidores um momento de acolhimento [&hellip;]<\/p>\n","protected":false},"author":58,"featured_media":22770,"comment_status":"open","ping_status":"open","sticky":false,"template":"","format":"standard","meta":[],"categories":[64,39,24,65],"tags":[],"_links":{"self":[{"href":"https:\/\/www.ifbaiano.edu.br\/unidades\/lapa\/wp-json\/wp\/v2\/posts\/22769"}],"collection":[{"href":"https:\/\/www.ifbaiano.edu.br\/unidades\/lapa\/wp-json\/wp\/v2\/posts"}],"about":[{"href":"https:\/\/www.ifbaiano.edu.br\/unidades\/lapa\/wp-json\/wp\/v2\/types\/post"}],"author":[{"embeddable":true,"href":"https:\/\/www.ifbaiano.edu.br\/unidades\/lapa\/wp-json\/wp\/v2\/users\/58"}],"replies":[{"embeddable":true,"href":"https:\/\/www.ifbaiano.edu.br\/unidades\/lapa\/wp-json\/wp\/v2\/comments?post=22769"}],"version-history":[{"count":1,"href":"https:\/\/www.ifbaiano.edu.br\/unidades\/lapa\/wp-json\/wp\/v2\/posts\/22769\/revisions"}],"predecessor-version":[{"id":22771,"href":"https:\/\/www.ifbaiano.edu.br\/unidades\/lapa\/wp-json\/wp\/v2\/posts\/22769\/revisions\/22771"}],"wp:featuredmedia":[{"embeddable":true,"href":"https:\/\/www.ifbaiano.edu.br\/unidades\/lapa\/wp-json\/wp\/v2\/media\/22770"}],"wp:attachment":[{"href":"https:\/\/www.ifbaiano.edu.br\/unidades\/lapa\/wp-json\/wp\/v2\/media?parent=22769"}],"wp:term":[{"taxonomy":"category","embeddable":true,"href":"https:\/\/www.ifbaiano.edu.br\/unidades\/lapa\/wp-json\/wp\/v2\/categories?post=22769"},{"taxonomy":"post_tag","embeddable":true,"href":"https:\/\/www.ifbaiano.edu.br\/unidades\/lapa\/wp-json\/wp\/v2\/tags?post=22769"}],"curies":[{"name":"wp","href":"https:\/\/api.w.org\/{rel}","templated":true}]}}