{"id":2278,"date":"2014-05-19T21:42:42","date_gmt":"2014-05-19T23:42:42","guid":{"rendered":"http:\/\/www.ifbaiano.edu.br\/unidades\/lapa\/?p=2278"},"modified":"2014-05-19T21:42:42","modified_gmt":"2014-05-19T23:42:42","slug":"inscricoes-no-enem-vao-ate-o-dia-23-de-maio","status":"publish","type":"post","link":"https:\/\/www.ifbaiano.edu.br\/unidades\/lapa\/2014\/05\/19\/inscricoes-no-enem-vao-ate-o-dia-23-de-maio\/","title":{"rendered":"Inscri\u00e7\u00f5es no ENEM v\u00e3o at\u00e9 o dia 23 de Maio"},"content":{"rendered":"<p align=\"justify\"><span style=\"font-size: 13px\">As\u00a0<\/span><a href=\"http:\/\/www.enem.vestibulandoweb.com.br\/inscricoes-enem-2013.html\"><strong>inscri\u00e7\u00f5es para o Enem 20141<\/strong><\/a><span style=\"font-size: 13px\">\u00a0ser\u00e3o realizadas de 12 a 23 de maio e dever\u00e1 ser confirmada por meio do pagamento do boleto at\u00e9 o dia 28 de maio.<\/span><\/p>\n<p align=\"justify\"><!--more--><\/p>\n<p align=\"justify\">A taxa de inscri\u00e7\u00e3o ser\u00e1 de R$ 35. A isen\u00e7\u00e3o da taxa vale para todos os estudantes de escola p\u00fablica e estudantes que comprovarem ter renda familiar inferior a R$ 1.086.<\/p>\n<p align=\"justify\">A data de realiza\u00e7\u00e3o das provas do Enem 2014 tamb\u00e9m foi confirmada pelo MEC para os dias 8 e 9 de novembro.<\/p>\n<p align=\"justify\">\n<p align=\"justify\">Fonte: Vestibulando WEB<\/p>\n<p align=\"justify\">\n","protected":false},"excerpt":{"rendered":"<p>As\u00a0inscri\u00e7\u00f5es para o Enem 20141\u00a0ser\u00e3o realizadas de 12 a 23 de maio e dever\u00e1 ser confirmada por meio do pagamento do boleto at\u00e9 o dia 28 de maio.<\/p>\n","protected":false},"author":36,"featured_media":0,"comment_status":"open","ping_status":"open","sticky":false,"template":"","format":"standard","meta":[],"categories":[1],"tags":[],"_links":{"self":[{"href":"https:\/\/www.ifbaiano.edu.br\/unidades\/lapa\/wp-json\/wp\/v2\/posts\/2278"}],"collection":[{"href":"https:\/\/www.ifbaiano.edu.br\/unidades\/lapa\/wp-json\/wp\/v2\/posts"}],"about":[{"href":"https:\/\/www.ifbaiano.edu.br\/unidades\/lapa\/wp-json\/wp\/v2\/types\/post"}],"author":[{"embeddable":true,"href":"https:\/\/www.ifbaiano.edu.br\/unidades\/lapa\/wp-json\/wp\/v2\/users\/36"}],"replies":[{"embeddable":true,"href":"https:\/\/www.ifbaiano.edu.br\/unidades\/lapa\/wp-json\/wp\/v2\/comments?post=2278"}],"version-history":[{"count":1,"href":"https:\/\/www.ifbaiano.edu.br\/unidades\/lapa\/wp-json\/wp\/v2\/posts\/2278\/revisions"}],"predecessor-version":[{"id":2279,"href":"https:\/\/www.ifbaiano.edu.br\/unidades\/lapa\/wp-json\/wp\/v2\/posts\/2278\/revisions\/2279"}],"wp:attachment":[{"href":"https:\/\/www.ifbaiano.edu.br\/unidades\/lapa\/wp-json\/wp\/v2\/media?parent=2278"}],"wp:term":[{"taxonomy":"category","embeddable":true,"href":"https:\/\/www.ifbaiano.edu.br\/unidades\/lapa\/wp-json\/wp\/v2\/categories?post=2278"},{"taxonomy":"post_tag","embeddable":true,"href":"https:\/\/www.ifbaiano.edu.br\/unidades\/lapa\/wp-json\/wp\/v2\/tags?post=2278"}],"curies":[{"name":"wp","href":"https:\/\/api.w.org\/{rel}","templated":true}]}}