{"id":2280,"date":"2014-05-19T21:44:08","date_gmt":"2014-05-19T23:44:08","guid":{"rendered":"http:\/\/www.ifbaiano.edu.br\/unidades\/lapa\/?p=2280"},"modified":"2014-05-19T21:44:08","modified_gmt":"2014-05-19T23:44:08","slug":"connepi-2014-prorrogado-periodo-de-submissao-de-artigos","status":"publish","type":"post","link":"https:\/\/www.ifbaiano.edu.br\/unidades\/lapa\/2014\/05\/19\/connepi-2014-prorrogado-periodo-de-submissao-de-artigos\/","title":{"rendered":"Connepi 2014: prorrogado per\u00edodo de submiss\u00e3o de artigos"},"content":{"rendered":"<p>O prazo para submiss\u00e3o de trabalhos para o IX Congresso de Pesquisa e Inova\u00e7\u00e3o da Rede Norte e Nordeste de Educa\u00e7\u00e3o\u00a0Tecnol\u00f3gica (Connepi) foi prorrogado at\u00e9 o dia 27 de maio.<\/p>\n<p><!--more--><\/p>\n<p>As inscri\u00e7\u00f5es s\u00e3o gratuitas e podem ser feitas no site\u00a0<a href=\"http:\/\/www.connepi2014.com\/\" target=\"_blank\">www.connepi2014.com<\/a>. Ser\u00e3o aceitos at\u00e9 dois mil trabalhos.<\/p>\n<p>O evento vai acontecer no per\u00edodo de 16 a 19 de setembro em S\u00e3o Luis (MA) e ir\u00e1 reunir estudantes, professores e pesquisadores dos Institutos Federais. Na programa\u00e7\u00e3o est\u00e3o previstas palestras, minicursos, oficinas, al\u00e9m de eventos paralelos como o concurso de games e Mostra Tecnol\u00f3gica.<\/p>\n<p>&nbsp;<\/p>\n<p><em>Fonte: IFMA (Departamento de Comunica\u00e7\u00e3o e Eventos)<\/em><\/p>\n","protected":false},"excerpt":{"rendered":"<p>O prazo para submiss\u00e3o de trabalhos para o IX Congresso de Pesquisa e Inova\u00e7\u00e3o da Rede Norte e Nordeste de Educa\u00e7\u00e3o\u00a0Tecnol\u00f3gica (Connepi) foi prorrogado at\u00e9 o dia 27 de maio.<\/p>\n","protected":false},"author":36,"featured_media":0,"comment_status":"open","ping_status":"open","sticky":false,"template":"","format":"standard","meta":[],"categories":[1],"tags":[],"_links":{"self":[{"href":"https:\/\/www.ifbaiano.edu.br\/unidades\/lapa\/wp-json\/wp\/v2\/posts\/2280"}],"collection":[{"href":"https:\/\/www.ifbaiano.edu.br\/unidades\/lapa\/wp-json\/wp\/v2\/posts"}],"about":[{"href":"https:\/\/www.ifbaiano.edu.br\/unidades\/lapa\/wp-json\/wp\/v2\/types\/post"}],"author":[{"embeddable":true,"href":"https:\/\/www.ifbaiano.edu.br\/unidades\/lapa\/wp-json\/wp\/v2\/users\/36"}],"replies":[{"embeddable":true,"href":"https:\/\/www.ifbaiano.edu.br\/unidades\/lapa\/wp-json\/wp\/v2\/comments?post=2280"}],"version-history":[{"count":2,"href":"https:\/\/www.ifbaiano.edu.br\/unidades\/lapa\/wp-json\/wp\/v2\/posts\/2280\/revisions"}],"predecessor-version":[{"id":2282,"href":"https:\/\/www.ifbaiano.edu.br\/unidades\/lapa\/wp-json\/wp\/v2\/posts\/2280\/revisions\/2282"}],"wp:attachment":[{"href":"https:\/\/www.ifbaiano.edu.br\/unidades\/lapa\/wp-json\/wp\/v2\/media?parent=2280"}],"wp:term":[{"taxonomy":"category","embeddable":true,"href":"https:\/\/www.ifbaiano.edu.br\/unidades\/lapa\/wp-json\/wp\/v2\/categories?post=2280"},{"taxonomy":"post_tag","embeddable":true,"href":"https:\/\/www.ifbaiano.edu.br\/unidades\/lapa\/wp-json\/wp\/v2\/tags?post=2280"}],"curies":[{"name":"wp","href":"https:\/\/api.w.org\/{rel}","templated":true}]}}