{"id":2285,"date":"2014-05-20T18:05:17","date_gmt":"2014-05-20T20:05:17","guid":{"rendered":"http:\/\/www.ifbaiano.edu.br\/unidades\/lapa\/?p=2285"},"modified":"2014-05-20T18:05:17","modified_gmt":"2014-05-20T20:05:17","slug":"resultado-final-das-eleicoes-para-composicao-do-gremio-estudantil-do-campus","status":"publish","type":"post","link":"https:\/\/www.ifbaiano.edu.br\/unidades\/lapa\/2014\/05\/20\/resultado-final-das-eleicoes-para-composicao-do-gremio-estudantil-do-campus\/","title":{"rendered":"Resultado  Final das Elei\u00e7\u00f5es para composi\u00e7\u00e3o do Gr\u00eamio Estudantil do Campus"},"content":{"rendered":"<p>O Diretor Geral do Campus Bom Jesus da Lapa homologa e torna p\u00fablico o Resultado \u00a0Final das Elei\u00e7\u00f5es para composi\u00e7\u00e3o do Gr\u00eamio Estudantil do<em> Campus<\/em> Bom Jesus da Lapa.<\/p>\n<p>Vence a Chapa I, denominada Juntos por um Prop\u00f3sito.<\/p>\n<p>Parab\u00e9ns!<\/p>\n<p><a href=\"http:\/\/www.ifbaiano.edu.br\/unidades\/lapa\/files\/2014\/02\/Portaria-22.pdf\">Acessem aqui<\/a>\u00a0a Portaria publicada em 19\/05\/2014.<\/p>\n<p>&nbsp;<\/p>\n<p>Fonte: Comunicador &#8211; Campus Lapa<\/p>\n","protected":false},"excerpt":{"rendered":"<p>O Diretor Geral do Campus Bom Jesus da Lapa homologa e torna p\u00fablico o Resultado \u00a0Final das Elei\u00e7\u00f5es para composi\u00e7\u00e3o do Gr\u00eamio Estudantil do Campus Bom Jesus da Lapa. Vence a Chapa I, denominada Juntos por um Prop\u00f3sito. Parab\u00e9ns! Acessem aqui\u00a0a Portaria publicada em 19\/05\/2014. &nbsp; Fonte: Comunicador &#8211; Campus Lapa<\/p>\n","protected":false},"author":36,"featured_media":0,"comment_status":"open","ping_status":"open","sticky":false,"template":"","format":"standard","meta":[],"categories":[1],"tags":[],"_links":{"self":[{"href":"https:\/\/www.ifbaiano.edu.br\/unidades\/lapa\/wp-json\/wp\/v2\/posts\/2285"}],"collection":[{"href":"https:\/\/www.ifbaiano.edu.br\/unidades\/lapa\/wp-json\/wp\/v2\/posts"}],"about":[{"href":"https:\/\/www.ifbaiano.edu.br\/unidades\/lapa\/wp-json\/wp\/v2\/types\/post"}],"author":[{"embeddable":true,"href":"https:\/\/www.ifbaiano.edu.br\/unidades\/lapa\/wp-json\/wp\/v2\/users\/36"}],"replies":[{"embeddable":true,"href":"https:\/\/www.ifbaiano.edu.br\/unidades\/lapa\/wp-json\/wp\/v2\/comments?post=2285"}],"version-history":[{"count":2,"href":"https:\/\/www.ifbaiano.edu.br\/unidades\/lapa\/wp-json\/wp\/v2\/posts\/2285\/revisions"}],"predecessor-version":[{"id":2287,"href":"https:\/\/www.ifbaiano.edu.br\/unidades\/lapa\/wp-json\/wp\/v2\/posts\/2285\/revisions\/2287"}],"wp:attachment":[{"href":"https:\/\/www.ifbaiano.edu.br\/unidades\/lapa\/wp-json\/wp\/v2\/media?parent=2285"}],"wp:term":[{"taxonomy":"category","embeddable":true,"href":"https:\/\/www.ifbaiano.edu.br\/unidades\/lapa\/wp-json\/wp\/v2\/categories?post=2285"},{"taxonomy":"post_tag","embeddable":true,"href":"https:\/\/www.ifbaiano.edu.br\/unidades\/lapa\/wp-json\/wp\/v2\/tags?post=2285"}],"curies":[{"name":"wp","href":"https:\/\/api.w.org\/{rel}","templated":true}]}}