{"id":22852,"date":"2022-03-10T20:23:58","date_gmt":"2022-03-10T23:23:58","guid":{"rendered":"https:\/\/www.ifbaiano.edu.br\/unidades\/lapa\/?p=22852"},"modified":"2022-03-10T20:24:39","modified_gmt":"2022-03-10T23:24:39","slug":"convocacao-de-candidatos-para-realizacao-de-matriculas-2a-chamada","status":"publish","type":"post","link":"https:\/\/www.ifbaiano.edu.br\/unidades\/lapa\/2022\/03\/10\/convocacao-de-candidatos-para-realizacao-de-matriculas-2a-chamada\/","title":{"rendered":"CONVOCA\u00c7\u00c3O DE CANDIDATOS PARA REALIZA\u00c7\u00c3O DE MATR\u00cdCULAS \u2013 2\u00aa CHAMADA"},"content":{"rendered":"\n<p>SELE\u00c7\u00c3O DE CANDIDATOS(AS) PARA PREENCHIMENTO DE VAGAS REMANESCENTES EM CURSO DE GRADUA\u00c7\u00c3O BACHARELADO EM<br>ENGENHARIA AGRON\u00d4MICA- IF BAIANO &#8211; CAMPUS BOM JESUS DA LAPA<\/p>\n\n\n\n<ol><li>Ficam convocados para a realiza\u00e7\u00e3o de matr\u00edculas no curso de Engenharia Agron\u00f4mica do IF Baiano \u2013 Campus Bom Jesus da Lapa os candidatos abaixo relacionados, obedecida a ordem de classifica\u00e7\u00e3o no processo seletivo regido pelo Edital n\u00ba 11, de 10 de janeiro de 2022:<\/li><\/ol>\n\n\n\n<p><a href=\"https:\/\/www.ifbaiano.edu.br\/unidades\/lapa\/files\/2022\/03\/II-CHAMADA-DE-MATRICULAS.pdf\" target=\"_blank\" rel=\"noreferrer noopener\">ACESSE AQUI (documento pdf, abre em nova aba)<\/a><\/p>\n","protected":false},"excerpt":{"rendered":"<p>SELE\u00c7\u00c3O DE CANDIDATOS(AS) PARA PREENCHIMENTO DE VAGAS REMANESCENTES EM CURSO DE GRADUA\u00c7\u00c3O BACHARELADO EMENGENHARIA AGRON\u00d4MICA- IF BAIANO &#8211; CAMPUS BOM JESUS DA LAPA Ficam convocados para a realiza\u00e7\u00e3o de matr\u00edculas no curso de Engenharia Agron\u00f4mica do IF Baiano \u2013 Campus Bom Jesus da Lapa os candidatos abaixo relacionados, obedecida a ordem de classifica\u00e7\u00e3o no processo [&hellip;]<\/p>\n","protected":false},"author":58,"featured_media":0,"comment_status":"open","ping_status":"open","sticky":false,"template":"","format":"standard","meta":[],"categories":[34,39,113,24,70,65],"tags":[],"_links":{"self":[{"href":"https:\/\/www.ifbaiano.edu.br\/unidades\/lapa\/wp-json\/wp\/v2\/posts\/22852"}],"collection":[{"href":"https:\/\/www.ifbaiano.edu.br\/unidades\/lapa\/wp-json\/wp\/v2\/posts"}],"about":[{"href":"https:\/\/www.ifbaiano.edu.br\/unidades\/lapa\/wp-json\/wp\/v2\/types\/post"}],"author":[{"embeddable":true,"href":"https:\/\/www.ifbaiano.edu.br\/unidades\/lapa\/wp-json\/wp\/v2\/users\/58"}],"replies":[{"embeddable":true,"href":"https:\/\/www.ifbaiano.edu.br\/unidades\/lapa\/wp-json\/wp\/v2\/comments?post=22852"}],"version-history":[{"count":2,"href":"https:\/\/www.ifbaiano.edu.br\/unidades\/lapa\/wp-json\/wp\/v2\/posts\/22852\/revisions"}],"predecessor-version":[{"id":22855,"href":"https:\/\/www.ifbaiano.edu.br\/unidades\/lapa\/wp-json\/wp\/v2\/posts\/22852\/revisions\/22855"}],"wp:attachment":[{"href":"https:\/\/www.ifbaiano.edu.br\/unidades\/lapa\/wp-json\/wp\/v2\/media?parent=22852"}],"wp:term":[{"taxonomy":"category","embeddable":true,"href":"https:\/\/www.ifbaiano.edu.br\/unidades\/lapa\/wp-json\/wp\/v2\/categories?post=22852"},{"taxonomy":"post_tag","embeddable":true,"href":"https:\/\/www.ifbaiano.edu.br\/unidades\/lapa\/wp-json\/wp\/v2\/tags?post=22852"}],"curies":[{"name":"wp","href":"https:\/\/api.w.org\/{rel}","templated":true}]}}