{"id":22863,"date":"2022-03-15T10:12:57","date_gmt":"2022-03-15T13:12:57","guid":{"rendered":"https:\/\/www.ifbaiano.edu.br\/unidades\/lapa\/?p=22863"},"modified":"2022-03-15T10:12:57","modified_gmt":"2022-03-15T13:12:57","slug":"roda-de-conversa-mulheres-na-ciencia-e-inovacao-ocupando-espacos-e-derrubando-estereotipos","status":"publish","type":"post","link":"https:\/\/www.ifbaiano.edu.br\/unidades\/lapa\/2022\/03\/15\/roda-de-conversa-mulheres-na-ciencia-e-inovacao-ocupando-espacos-e-derrubando-estereotipos\/","title":{"rendered":"Roda de conversa &#8211; Mulheres na ci\u00eancia e inova\u00e7\u00e3o: ocupando espa\u00e7os e derrubando estere\u00f3tipos."},"content":{"rendered":"\n<p>O N\u00facleo de Estudos Afro-brasileiros e Ind\u00edgenas \u2013 NEABI convida a todas(os) para a roda de conversa &nbsp;Mulheres na ci\u00eancia e inova\u00e7\u00e3o: ocupando espa\u00e7os e derrubando estere\u00f3tipos.<\/p>\n\n\n\n<p>A roda de conversa tem como objetivo promover espa\u00e7o de di\u00e1logo e forma\u00e7\u00e3o sobre a luta da mulher na sociedade brasileira em prol da igualdade de g\u00eanero na ci\u00eancia, no trabalho e na pol\u00edtica. A atividade ser\u00e1 realizada no dia 17\/03 a partir das 12h30min, no audit\u00f3rio do IF Baiano &#8211; Campus Bom Jesus da Lapa.<\/p>\n\n\n\n<p>O di\u00e1logo ser\u00e1 conduzido por Carl\u00eddia Almeida (representante do quilombo Lagoa do Peixe), Danyele Santana (docente do IF Baiano) e Iellen Mendes (discente do IF Baiano), mulheres que abordar\u00e3o suas viv\u00eancias na Engenharia e na Computa\u00e7\u00e3o.<\/p>\n\n\n\n<p>A sua participa\u00e7\u00e3o \u00e9 importante para enriquecer o nosso di\u00e1logo.<\/p>\n\n\n\n<p><\/p>\n\n\n\n<figure class=\"wp-block-image size-full\"><img decoding=\"async\" loading=\"lazy\" width=\"1080\" height=\"1080\" src=\"https:\/\/www.ifbaiano.edu.br\/unidades\/lapa\/files\/2022\/03\/Card-Roda-de-conversa-Neabi.png\" alt=\"\" class=\"wp-image-22864\" \/><\/figure>\n","protected":false},"excerpt":{"rendered":"<p>O N\u00facleo de Estudos Afro-brasileiros e Ind\u00edgenas \u2013 NEABI convida a todas(os) para a roda de conversa &nbsp;Mulheres na ci\u00eancia e inova\u00e7\u00e3o: ocupando espa\u00e7os e derrubando estere\u00f3tipos. A roda de conversa tem como objetivo promover espa\u00e7o de di\u00e1logo e forma\u00e7\u00e3o sobre a luta da mulher na sociedade brasileira em prol da igualdade de g\u00eanero na [&hellip;]<\/p>\n","protected":false},"author":58,"featured_media":22864,"comment_status":"open","ping_status":"open","sticky":false,"template":"","format":"standard","meta":[],"categories":[64,24,65],"tags":[],"_links":{"self":[{"href":"https:\/\/www.ifbaiano.edu.br\/unidades\/lapa\/wp-json\/wp\/v2\/posts\/22863"}],"collection":[{"href":"https:\/\/www.ifbaiano.edu.br\/unidades\/lapa\/wp-json\/wp\/v2\/posts"}],"about":[{"href":"https:\/\/www.ifbaiano.edu.br\/unidades\/lapa\/wp-json\/wp\/v2\/types\/post"}],"author":[{"embeddable":true,"href":"https:\/\/www.ifbaiano.edu.br\/unidades\/lapa\/wp-json\/wp\/v2\/users\/58"}],"replies":[{"embeddable":true,"href":"https:\/\/www.ifbaiano.edu.br\/unidades\/lapa\/wp-json\/wp\/v2\/comments?post=22863"}],"version-history":[{"count":1,"href":"https:\/\/www.ifbaiano.edu.br\/unidades\/lapa\/wp-json\/wp\/v2\/posts\/22863\/revisions"}],"predecessor-version":[{"id":22865,"href":"https:\/\/www.ifbaiano.edu.br\/unidades\/lapa\/wp-json\/wp\/v2\/posts\/22863\/revisions\/22865"}],"wp:featuredmedia":[{"embeddable":true,"href":"https:\/\/www.ifbaiano.edu.br\/unidades\/lapa\/wp-json\/wp\/v2\/media\/22864"}],"wp:attachment":[{"href":"https:\/\/www.ifbaiano.edu.br\/unidades\/lapa\/wp-json\/wp\/v2\/media?parent=22863"}],"wp:term":[{"taxonomy":"category","embeddable":true,"href":"https:\/\/www.ifbaiano.edu.br\/unidades\/lapa\/wp-json\/wp\/v2\/categories?post=22863"},{"taxonomy":"post_tag","embeddable":true,"href":"https:\/\/www.ifbaiano.edu.br\/unidades\/lapa\/wp-json\/wp\/v2\/tags?post=22863"}],"curies":[{"name":"wp","href":"https:\/\/api.w.org\/{rel}","templated":true}]}}