{"id":22899,"date":"2022-03-24T13:09:28","date_gmt":"2022-03-24T16:09:28","guid":{"rendered":"https:\/\/www.ifbaiano.edu.br\/unidades\/lapa\/?p=22899"},"modified":"2022-03-24T13:15:16","modified_gmt":"2022-03-24T16:15:16","slug":"acolhimento-dos-cursos-subsequentes-em-informatica-e-agricultura","status":"publish","type":"post","link":"https:\/\/www.ifbaiano.edu.br\/unidades\/lapa\/2022\/03\/24\/acolhimento-dos-cursos-subsequentes-em-informatica-e-agricultura\/","title":{"rendered":"Acolhimento dos Cursos Subsequentes em Inform\u00e1tica e Agricultura"},"content":{"rendered":"\n<p>Comunicamos aos estudantes dos cursos subsequentes&nbsp;em Agricultura&nbsp;e Inform\u00e1tica, que as aulas ser\u00e3o presenciais \u00e0 &nbsp;partir de segunda-feira, dia&nbsp;28 de mar\u00e7o de 2022, no Campus Bom Jesus da Lapa.<\/p>\n\n\n\n<p>Confira no card a programa\u00e7\u00e3o de acolhimento. Lembramos \u00e0 todos(as) que os protocolos sanit\u00e1rios devem ser seguidos para o combate \u00e0 COVID-19, a exemplo do uso de m\u00e1scara e distanciamento m\u00ednimo de 1 metro.<\/p>\n\n\n\n<p>Al\u00e9m da sinaliza\u00e7\u00e3o no campus, disponibilizamos pias para higieniza\u00e7\u00e3o das m\u00e3os. A equipe escolar est\u00e1 preparada para receber, acolher e orientar a todos e todas. Qualquer d\u00favida, entre em contato conosco.<\/p>\n\n\n\n<figure class=\"wp-block-image size-full is-resized\"><img decoding=\"async\" loading=\"lazy\" src=\"https:\/\/www.ifbaiano.edu.br\/unidades\/lapa\/files\/2022\/03\/PROGRAMACAO-DE-ACOLHIMENTO-2022-Subsequente-Agro-Info.png\" alt=\"Programa\u00e7\u00e3o do acolhimento dos cursos subsequentes em Inform\u00e1tica e Agricultura\" class=\"wp-image-22900\" width=\"813\" height=\"813\" \/><\/figure>\n","protected":false},"excerpt":{"rendered":"<p>Comunicamos aos estudantes dos cursos subsequentes&nbsp;em Agricultura&nbsp;e Inform\u00e1tica, que as aulas ser\u00e3o presenciais \u00e0 &nbsp;partir de segunda-feira, dia&nbsp;28 de mar\u00e7o de 2022, no Campus Bom Jesus da Lapa. Confira no card a programa\u00e7\u00e3o de acolhimento. Lembramos \u00e0 todos(as) que os protocolos sanit\u00e1rios devem ser seguidos para o combate \u00e0 COVID-19, a exemplo do uso de [&hellip;]<\/p>\n","protected":false},"author":150,"featured_media":22900,"comment_status":"open","ping_status":"open","sticky":false,"template":"","format":"standard","meta":[],"categories":[64,24,69,65],"tags":[],"_links":{"self":[{"href":"https:\/\/www.ifbaiano.edu.br\/unidades\/lapa\/wp-json\/wp\/v2\/posts\/22899"}],"collection":[{"href":"https:\/\/www.ifbaiano.edu.br\/unidades\/lapa\/wp-json\/wp\/v2\/posts"}],"about":[{"href":"https:\/\/www.ifbaiano.edu.br\/unidades\/lapa\/wp-json\/wp\/v2\/types\/post"}],"author":[{"embeddable":true,"href":"https:\/\/www.ifbaiano.edu.br\/unidades\/lapa\/wp-json\/wp\/v2\/users\/150"}],"replies":[{"embeddable":true,"href":"https:\/\/www.ifbaiano.edu.br\/unidades\/lapa\/wp-json\/wp\/v2\/comments?post=22899"}],"version-history":[{"count":3,"href":"https:\/\/www.ifbaiano.edu.br\/unidades\/lapa\/wp-json\/wp\/v2\/posts\/22899\/revisions"}],"predecessor-version":[{"id":22903,"href":"https:\/\/www.ifbaiano.edu.br\/unidades\/lapa\/wp-json\/wp\/v2\/posts\/22899\/revisions\/22903"}],"wp:featuredmedia":[{"embeddable":true,"href":"https:\/\/www.ifbaiano.edu.br\/unidades\/lapa\/wp-json\/wp\/v2\/media\/22900"}],"wp:attachment":[{"href":"https:\/\/www.ifbaiano.edu.br\/unidades\/lapa\/wp-json\/wp\/v2\/media?parent=22899"}],"wp:term":[{"taxonomy":"category","embeddable":true,"href":"https:\/\/www.ifbaiano.edu.br\/unidades\/lapa\/wp-json\/wp\/v2\/categories?post=22899"},{"taxonomy":"post_tag","embeddable":true,"href":"https:\/\/www.ifbaiano.edu.br\/unidades\/lapa\/wp-json\/wp\/v2\/tags?post=22899"}],"curies":[{"name":"wp","href":"https:\/\/api.w.org\/{rel}","templated":true}]}}