{"id":22988,"date":"2022-04-12T17:43:33","date_gmt":"2022-04-12T20:43:33","guid":{"rendered":"https:\/\/www.ifbaiano.edu.br\/unidades\/lapa\/?p=22988"},"modified":"2022-04-24T10:09:27","modified_gmt":"2022-04-24T13:09:27","slug":"extensao-sementeira-tecnologica","status":"publish","type":"post","link":"https:\/\/www.ifbaiano.edu.br\/unidades\/lapa\/2022\/04\/12\/extensao-sementeira-tecnologica\/","title":{"rendered":"Troca de saberes sobre utiliza\u00e7\u00e3o e armazenamento de sementes \u00e9 tema de projeto de extens\u00e3o desenvolvido pelo campus de Bom Jesus da Lapa."},"content":{"rendered":"\n<p>As a\u00e7\u00f5es de extens\u00e3o no <em>Campus Bom Jesus da Lapa<\/em>&nbsp;continuam ocorrendo de forma intensa! Com o retorno \u00e0s atividades presenciais no IF Baiano, as equipes est\u00e3o de volta \u00e0s comunidades assistidas em diferentes projetos. Uma das equipes \u00e9 a do projeto <em>\u201cExtens\u00e3o Sementeira: troca de saberes sobre a utiliza\u00e7\u00e3o de sementes na agricultura familiar do territ\u00f3rio Velho Chico\u201d<\/em>.<\/p>\n\n\n\n<p>Os encontros do projeto acontecem nas comunidades de Mata e Riacho Dantas, que ficam do interior do munic\u00edpio de Riacho de Santana \u2013 BA. &nbsp;Dezessete agricultores dessas comunidades trocam experi\u00eancias sobre a utiliza\u00e7\u00e3o e armazenamento das sementes de interesse agr\u00edcola. O projeto prev\u00ea a organiza\u00e7\u00e3o de di\u00e1logos t\u00e9cnicos que s\u00e3o apoiados em temas geradores. Dessa vez, o debate teve como tem\u00e1tica a troca de saberes orientada para a indaga\u00e7\u00e3o: <em>\u201cDe onde v\u00eam as sementes?\u201d<\/em>.<\/p>\n\n\n\n<p>De acordo com o Coordenador do Projeto, Prof. Alex Leal, <em>\u201ca ideia de troca de saberes sobre a qualidade de sementes \u00e9 bem interessante, uma vez que esse insumo \u00e9 indispens\u00e1vel para o sucesso da produtividade agr\u00edcola e os agricultores possuem uma grande experi\u00eancia, que pode ser trocada entre os participantes do grupo de interesse do projeto \u201c<\/em>, destaca.<\/p>\n\n\n\n<p>O objetivo principal da a\u00e7\u00e3o \u00e9 discutir, via encontros tem\u00e1ticos, informa\u00e7\u00f5es t\u00e9cnicas sobre a utiliza\u00e7\u00e3o e armazenamento de sementes de esp\u00e9cies gran\u00edferas, considerando as trocas de experi\u00eancias como ferramenta de aperfei\u00e7oamento das pr\u00e1ticas agr\u00edcolas na agricultura familiar. Participam do projeto, a estudante do curso de Eng. Agron\u00f4mica, Poliana Fernandes Silva (bolsista), al\u00e9m dos volunt\u00e1rios Dinny Pinto Mac\u00eado e Iure Ferreira da Silva Almeida.<\/p>\n\n\n\n<p>Para a bolsista, a <em>\u201cexperi\u00eancia \u00e9 bastante motivadora pois atuo na \u00e1rea da extens\u00e3o, e a participa\u00e7\u00e3o no projeto est\u00e1 trazendo boas experi\u00eancias com o p\u00fablico interno e externo do IF Baiano. Al\u00e9m disso, o projeto &#8220;Extens\u00e3o Sementeira&#8221; me estimula a estudar um pouco mais sobre a \u00e1rea de Ci\u00eancia e Tecnologia de Sementes\u201d, <\/em>pontua Poliana Fernandes.<\/p>\n\n\n\n<p><\/p>\n\n\n\n<figure class=\"wp-block-gallery columns-0 is-cropped wp-block-gallery-1 is-layout-flex\"><ul class=\"blocks-gallery-grid\"><li class=\"blocks-gallery-item\"><figure><img decoding=\"async\" loading=\"lazy\" width=\"678\" height=\"685\" src=\"https:\/\/www.ifbaiano.edu.br\/unidades\/lapa\/files\/2022\/04\/card-ext-sementes.png\" alt=\"\" data-id=\"23018\" data-link=\"https:\/\/www.ifbaiano.edu.br\/unidades\/lapa\/2022\/04\/12\/extensao-sementeira-tecnologica\/card-ext-sementes\/\" class=\"wp-image-23018\" \/><\/figure><\/li><\/ul><\/figure>\n\n\n\n<figure class=\"wp-block-gallery columns-0 is-cropped wp-block-gallery-3 is-layout-flex\"><ul class=\"blocks-gallery-grid\"><\/ul><\/figure>\n","protected":false},"excerpt":{"rendered":"<p>As a\u00e7\u00f5es de extens\u00e3o no Campus Bom Jesus da Lapa&nbsp;continuam ocorrendo de forma intensa! Com o retorno \u00e0s atividades presenciais no IF Baiano, as equipes est\u00e3o de volta \u00e0s comunidades assistidas em diferentes projetos. Uma das equipes \u00e9 a do projeto \u201cExtens\u00e3o Sementeira: troca de saberes sobre a utiliza\u00e7\u00e3o de sementes na agricultura familiar do [&hellip;]<\/p>\n","protected":false},"author":150,"featured_media":22992,"comment_status":"open","ping_status":"open","sticky":false,"template":"","format":"standard","meta":[],"categories":[64,40,1,65],"tags":[114],"_links":{"self":[{"href":"https:\/\/www.ifbaiano.edu.br\/unidades\/lapa\/wp-json\/wp\/v2\/posts\/22988"}],"collection":[{"href":"https:\/\/www.ifbaiano.edu.br\/unidades\/lapa\/wp-json\/wp\/v2\/posts"}],"about":[{"href":"https:\/\/www.ifbaiano.edu.br\/unidades\/lapa\/wp-json\/wp\/v2\/types\/post"}],"author":[{"embeddable":true,"href":"https:\/\/www.ifbaiano.edu.br\/unidades\/lapa\/wp-json\/wp\/v2\/users\/150"}],"replies":[{"embeddable":true,"href":"https:\/\/www.ifbaiano.edu.br\/unidades\/lapa\/wp-json\/wp\/v2\/comments?post=22988"}],"version-history":[{"count":6,"href":"https:\/\/www.ifbaiano.edu.br\/unidades\/lapa\/wp-json\/wp\/v2\/posts\/22988\/revisions"}],"predecessor-version":[{"id":23019,"href":"https:\/\/www.ifbaiano.edu.br\/unidades\/lapa\/wp-json\/wp\/v2\/posts\/22988\/revisions\/23019"}],"wp:featuredmedia":[{"embeddable":true,"href":"https:\/\/www.ifbaiano.edu.br\/unidades\/lapa\/wp-json\/wp\/v2\/media\/22992"}],"wp:attachment":[{"href":"https:\/\/www.ifbaiano.edu.br\/unidades\/lapa\/wp-json\/wp\/v2\/media?parent=22988"}],"wp:term":[{"taxonomy":"category","embeddable":true,"href":"https:\/\/www.ifbaiano.edu.br\/unidades\/lapa\/wp-json\/wp\/v2\/categories?post=22988"},{"taxonomy":"post_tag","embeddable":true,"href":"https:\/\/www.ifbaiano.edu.br\/unidades\/lapa\/wp-json\/wp\/v2\/tags?post=22988"}],"curies":[{"name":"wp","href":"https:\/\/api.w.org\/{rel}","templated":true}]}}