{"id":23004,"date":"2022-04-13T13:44:13","date_gmt":"2022-04-13T16:44:13","guid":{"rendered":"https:\/\/www.ifbaiano.edu.br\/unidades\/lapa\/?p=23004"},"modified":"2022-04-13T13:44:13","modified_gmt":"2022-04-13T16:44:13","slug":"convocacao-para-matricula-de-estudantes-nos-cursos-da-educacao-profissional-tecnica-de-nivel-medio-na-forma-integrada","status":"publish","type":"post","link":"https:\/\/www.ifbaiano.edu.br\/unidades\/lapa\/2022\/04\/13\/convocacao-para-matricula-de-estudantes-nos-cursos-da-educacao-profissional-tecnica-de-nivel-medio-na-forma-integrada\/","title":{"rendered":"CONVOCA\u00c7\u00c3O PARA MATR\u00cdCULA DE ESTUDANTES NOS CURSOS DA EDUCA\u00c7\u00c3O PROFISSIONAL T\u00c9CNICA DE N\u00cdVEL M\u00c9DIO, NA FORMA INTEGRADA"},"content":{"rendered":"\n<p>J\u00e1 est\u00e1 publicado o documento com as instru\u00e7\u00f5es e datas para a realiza\u00e7\u00e3o da matr\u00edcula dos(as) candidatos(as) aprovados(as) no Processo Seletivo para ingresso de estudantes em 2022, nos cursos da Educa\u00e7\u00e3o Profissional T\u00e9cnica de N\u00edvel M\u00e9dio, na forma integrada ao Ensino M\u00e9dio, na modalidade presencial, regido pelo Edital n\u00ba 01, de 10 de janeiro de 2022.<\/p>\n\n\n\n<p><\/p>\n\n\n\n<p>Confira no link abaixo, na se\u00e7\u00e3o &#8220;EDITAIS E DOCUMENTOS&#8221;:<\/p>\n\n\n\n<p><\/p>\n\n\n\n<div class=\"wp-block-buttons is-layout-flex\">\n<div class=\"wp-block-button\"><a class=\"wp-block-button__link\" href=\"https:\/\/www.ifbaiano.edu.br\/unidades\/lapa\/edital-1-2021\/\" target=\"_blank\" rel=\"noreferrer noopener\">P\u00e1gina do Processo Seletivo<\/a><\/div>\n<\/div>\n\n\n\n<p><\/p>\n\n\n\n<p><\/p>\n","protected":false},"excerpt":{"rendered":"<p>J\u00e1 est\u00e1 publicado o documento com as instru\u00e7\u00f5es e datas para a realiza\u00e7\u00e3o da matr\u00edcula dos(as) candidatos(as) aprovados(as) no Processo Seletivo para ingresso de estudantes em 2022, nos cursos da Educa\u00e7\u00e3o Profissional T\u00e9cnica de N\u00edvel M\u00e9dio, na forma integrada ao Ensino M\u00e9dio, na modalidade presencial, regido pelo Edital n\u00ba 01, de 10 de janeiro de [&hellip;]<\/p>\n","protected":false},"author":150,"featured_media":0,"comment_status":"open","ping_status":"open","sticky":false,"template":"","format":"standard","meta":[],"categories":[34,64,30,24,68,73,65],"tags":[],"_links":{"self":[{"href":"https:\/\/www.ifbaiano.edu.br\/unidades\/lapa\/wp-json\/wp\/v2\/posts\/23004"}],"collection":[{"href":"https:\/\/www.ifbaiano.edu.br\/unidades\/lapa\/wp-json\/wp\/v2\/posts"}],"about":[{"href":"https:\/\/www.ifbaiano.edu.br\/unidades\/lapa\/wp-json\/wp\/v2\/types\/post"}],"author":[{"embeddable":true,"href":"https:\/\/www.ifbaiano.edu.br\/unidades\/lapa\/wp-json\/wp\/v2\/users\/150"}],"replies":[{"embeddable":true,"href":"https:\/\/www.ifbaiano.edu.br\/unidades\/lapa\/wp-json\/wp\/v2\/comments?post=23004"}],"version-history":[{"count":5,"href":"https:\/\/www.ifbaiano.edu.br\/unidades\/lapa\/wp-json\/wp\/v2\/posts\/23004\/revisions"}],"predecessor-version":[{"id":23009,"href":"https:\/\/www.ifbaiano.edu.br\/unidades\/lapa\/wp-json\/wp\/v2\/posts\/23004\/revisions\/23009"}],"wp:attachment":[{"href":"https:\/\/www.ifbaiano.edu.br\/unidades\/lapa\/wp-json\/wp\/v2\/media?parent=23004"}],"wp:term":[{"taxonomy":"category","embeddable":true,"href":"https:\/\/www.ifbaiano.edu.br\/unidades\/lapa\/wp-json\/wp\/v2\/categories?post=23004"},{"taxonomy":"post_tag","embeddable":true,"href":"https:\/\/www.ifbaiano.edu.br\/unidades\/lapa\/wp-json\/wp\/v2\/tags?post=23004"}],"curies":[{"name":"wp","href":"https:\/\/api.w.org\/{rel}","templated":true}]}}