{"id":23022,"date":"2022-04-25T17:11:16","date_gmt":"2022-04-25T20:11:16","guid":{"rendered":"https:\/\/www.ifbaiano.edu.br\/unidades\/lapa\/?p=23022"},"modified":"2022-04-25T17:11:16","modified_gmt":"2022-04-25T20:11:16","slug":"informe-sobre-uso-facultativo-de-mascaras-no-ifbaiano-campus-lapa","status":"publish","type":"post","link":"https:\/\/www.ifbaiano.edu.br\/unidades\/lapa\/2022\/04\/25\/informe-sobre-uso-facultativo-de-mascaras-no-ifbaiano-campus-lapa\/","title":{"rendered":"INFORME SOBRE USO FACULTATIVO DE M\u00c1SCARAS NO IFBAIANO CAMPUS LAPA"},"content":{"rendered":"\n<p>De ordem do Diretor-Geral, Ge\u00e2ngelo de Matos Rosa, encaminhamos a Instru\u00e7\u00e3o Normativa 9\/2022 &#8211; RET-SCS\/RET-GAB\/RET\/IFBAIANO, de\u00a021 de abril\u00a0de 2022, (link abaix) que &#8220;altera a Instru\u00e7\u00e3o Normativa 5\/2022 &#8211; RET-SCS\/RETGAB\/RET\/IFBAIANO, de\u00a05 de fevereiro\u00a0de 2022, que\u00a0estabelece medidas de orienta\u00e7\u00e3o, controle, preven\u00e7\u00e3o e mitiga\u00e7\u00e3o de riscos para o retorno das atividades presenciais nas unidades do IF Baiano&#8221;.<br><\/p>\n\n\n\n<p>Conforme a altera\u00e7\u00e3o publicada, destacamos que\u00a0fica facultado o uso de m\u00e1scaras de prote\u00e7\u00e3o em ambientes abertos e fechados das Unidades Administrativas do IF Baiano, muito embora seja recomend\u00e1vel o seu uso como medida de prote\u00e7\u00e3o pessoal e comunit\u00e1ria.<br><\/p>\n\n\n\n<p>Permanece obrigat\u00f3rio, no IF Baiano, o uso de m\u00e1scara por indiv\u00edduos que estejam apresentando sintomas\u00a0gripais, tais como: tosse, espirro, dor de garganta ou outros sintomas\u00a0respirat\u00f3rios.<br>Confira na \u00edntegra as demais altera\u00e7\u00f5es\/orienta\u00e7\u00f5es publicadas.<br><\/p>\n\n\n\n<p><strong>Instru\u00e7\u00e3o Normativa 9\/2022 &#8211; RET-SCS\/RET-GAB\/RET\/IFBAIANO<\/strong>, de\u00a021 de abril\u00a0de 2022.\u00a0O conte\u00fado do documento encontra-se dispon\u00edvel no link:\u00a0<a rel=\"noreferrer noopener\" target=\"_blank\" href=\"https:\/\/ifbaiano.edu.br\/portal\/wp-content\/uploads\/2022\/04\/IN-9.2022_ret_scs.pdf\">https:\/\/ifbaiano.edu.br\/portal\/wp-content\/uploads\/2022\/04\/IN-9.2022_ret_scs.pdf<\/a><br><\/p>\n\n\n\n<p><strong>Instru\u00e7\u00e3o Normativa 5\/2022 &#8211; RET-SCS\/RET-GAB\/RET\/IFBAIANO<\/strong>, de\u00a0de\u00a05 de fevereiro\u00a0de\u00a02022 (<strong>vers\u00e3o consolidada)<\/strong>,\u00a0que &#8220;estabelece medidas de orienta\u00e7\u00e3o, controle, preven\u00e7\u00e3o e\u00a0mitiga\u00e7\u00e3o de riscos para o retorno das atvidades presenciais nas unidades do IF Baiano&#8221;.\u00a0O conte\u00fado do documento encontra-se dispon\u00edvel no link:\u00a0<a rel=\"noreferrer noopener\" target=\"_blank\" href=\"https:\/\/ifbaiano.edu.br\/portal\/wp-content\/uploads\/2022\/04\/Consolidacao-n-05.22.pdf\">https:\/\/ifbaiano.edu.br\/portal\/wp-content\/uploads\/2022\/04\/Consolidacao-n-05.22.pdf<\/a><\/p>\n\n\n\n<p><\/p>\n\n\n\n<figure class=\"wp-block-image size-full\"><img decoding=\"async\" loading=\"lazy\" width=\"1080\" height=\"1080\" src=\"https:\/\/www.ifbaiano.edu.br\/unidades\/lapa\/files\/2022\/04\/Nota-informativa-Uso-facultativo-de-mascara.jpeg\" alt=\"\" class=\"wp-image-23020\" \/><\/figure>\n","protected":false},"excerpt":{"rendered":"<p>De ordem do Diretor-Geral, Ge\u00e2ngelo de Matos Rosa, encaminhamos a Instru\u00e7\u00e3o Normativa 9\/2022 &#8211; RET-SCS\/RET-GAB\/RET\/IFBAIANO, de\u00a021 de abril\u00a0de 2022, (link abaix) que &#8220;altera a Instru\u00e7\u00e3o Normativa 5\/2022 &#8211; RET-SCS\/RETGAB\/RET\/IFBAIANO, de\u00a05 de fevereiro\u00a0de 2022, que\u00a0estabelece medidas de orienta\u00e7\u00e3o, controle, preven\u00e7\u00e3o e mitiga\u00e7\u00e3o de riscos para o retorno das atividades presenciais nas unidades do IF Baiano&#8221;. Conforme [&hellip;]<\/p>\n","protected":false},"author":58,"featured_media":0,"comment_status":"open","ping_status":"open","sticky":false,"template":"","format":"standard","meta":[],"categories":[1],"tags":[],"_links":{"self":[{"href":"https:\/\/www.ifbaiano.edu.br\/unidades\/lapa\/wp-json\/wp\/v2\/posts\/23022"}],"collection":[{"href":"https:\/\/www.ifbaiano.edu.br\/unidades\/lapa\/wp-json\/wp\/v2\/posts"}],"about":[{"href":"https:\/\/www.ifbaiano.edu.br\/unidades\/lapa\/wp-json\/wp\/v2\/types\/post"}],"author":[{"embeddable":true,"href":"https:\/\/www.ifbaiano.edu.br\/unidades\/lapa\/wp-json\/wp\/v2\/users\/58"}],"replies":[{"embeddable":true,"href":"https:\/\/www.ifbaiano.edu.br\/unidades\/lapa\/wp-json\/wp\/v2\/comments?post=23022"}],"version-history":[{"count":1,"href":"https:\/\/www.ifbaiano.edu.br\/unidades\/lapa\/wp-json\/wp\/v2\/posts\/23022\/revisions"}],"predecessor-version":[{"id":23023,"href":"https:\/\/www.ifbaiano.edu.br\/unidades\/lapa\/wp-json\/wp\/v2\/posts\/23022\/revisions\/23023"}],"wp:attachment":[{"href":"https:\/\/www.ifbaiano.edu.br\/unidades\/lapa\/wp-json\/wp\/v2\/media?parent=23022"}],"wp:term":[{"taxonomy":"category","embeddable":true,"href":"https:\/\/www.ifbaiano.edu.br\/unidades\/lapa\/wp-json\/wp\/v2\/categories?post=23022"},{"taxonomy":"post_tag","embeddable":true,"href":"https:\/\/www.ifbaiano.edu.br\/unidades\/lapa\/wp-json\/wp\/v2\/tags?post=23022"}],"curies":[{"name":"wp","href":"https:\/\/api.w.org\/{rel}","templated":true}]}}