{"id":23047,"date":"2022-05-02T15:10:13","date_gmt":"2022-05-02T18:10:13","guid":{"rendered":"https:\/\/www.ifbaiano.edu.br\/unidades\/lapa\/?p=23047"},"modified":"2022-05-02T15:10:13","modified_gmt":"2022-05-02T18:10:13","slug":"cadeia-reprodutiva-do-leite-no-municipio-de-serra-do-ramalho-e-tema-de-projeto-de-extensao","status":"publish","type":"post","link":"https:\/\/www.ifbaiano.edu.br\/unidades\/lapa\/2022\/05\/02\/cadeia-reprodutiva-do-leite-no-municipio-de-serra-do-ramalho-e-tema-de-projeto-de-extensao\/","title":{"rendered":"Cadeia reprodutiva do leite no munic\u00edpio de Serra do Ramalho \u00e9 tema de Projeto de Extens\u00e3o"},"content":{"rendered":"\n<p>Desde o in\u00edcio do m\u00eas de abril de 2022, a equipe do Projeto de Extens\u00e3o \u201cCaracteriza\u00e7\u00e3o da bovinocultura leiteira no Munic\u00edpio de Serrado Ramalho (BA)\u201d, composta pelos servidores Kleverton Ribeiro e Heliselle Cristine e estudantes Anderson Novais, Rainne Dourado e Iara Novais, est\u00e1 desenvolvendo, nas agrovilas 01, 03, 04, 05, 06, 07, 08, 09 e 10 uma s\u00e9rie de visitas \u00e0s instala\u00e7\u00f5es ligadas \u00e0 coleta de leite, com vistas a promover o di\u00e1logo com produtores, no sentido de caracterizar a cadeia leiteira da regi\u00e3o de Serra do Ramalho, no que se refere a aspectos como manejo reprodutivo, nutricional, alimentar e sanit\u00e1rio. Logo ap\u00f3s esta etapa, a equipe desenvolver\u00e1 uma s\u00e9rie de atividades de cunho formativo, para atender demandas identificadas no processo diagn\u00f3stico.<\/p>\n\n\n\n<p><\/p>\n\n\n\n<figure class=\"wp-block-gallery columns-3 is-cropped wp-block-gallery-1 is-layout-flex\"><ul class=\"blocks-gallery-grid\"><li class=\"blocks-gallery-item\"><figure><img decoding=\"async\" loading=\"lazy\" width=\"1024\" height=\"497\" src=\"https:\/\/www.ifbaiano.edu.br\/unidades\/lapa\/files\/2022\/05\/WhatsApp-Image-2022-05-02-at-14.13.19.jpeg\" alt=\"\" data-id=\"23046\" data-full-url=\"https:\/\/www.ifbaiano.edu.br\/unidades\/lapa\/files\/2022\/05\/WhatsApp-Image-2022-05-02-at-14.13.19.jpeg\" data-link=\"https:\/\/www.ifbaiano.edu.br\/unidades\/lapa\/whatsapp-image-2022-05-02-at-14-13-19\/\" class=\"wp-image-23046\" \/><\/figure><\/li><li class=\"blocks-gallery-item\"><figure><img decoding=\"async\" loading=\"lazy\" width=\"768\" height=\"1024\" src=\"https:\/\/www.ifbaiano.edu.br\/unidades\/lapa\/files\/2022\/05\/WhatsApp-Image-2022-05-02-at-14.13.18.jpeg\" alt=\"\" data-id=\"23045\" data-full-url=\"https:\/\/www.ifbaiano.edu.br\/unidades\/lapa\/files\/2022\/05\/WhatsApp-Image-2022-05-02-at-14.13.18.jpeg\" data-link=\"https:\/\/www.ifbaiano.edu.br\/unidades\/lapa\/whatsapp-image-2022-05-02-at-14-13-18\/\" class=\"wp-image-23045\" \/><\/figure><\/li><li class=\"blocks-gallery-item\"><figure><img decoding=\"async\" loading=\"lazy\" width=\"768\" height=\"1024\" src=\"https:\/\/www.ifbaiano.edu.br\/unidades\/lapa\/files\/2022\/05\/WhatsApp-Image-2022-05-02-at-14.13.18-1.jpeg\" alt=\"\" data-id=\"23044\" data-full-url=\"https:\/\/www.ifbaiano.edu.br\/unidades\/lapa\/files\/2022\/05\/WhatsApp-Image-2022-05-02-at-14.13.18-1.jpeg\" data-link=\"https:\/\/www.ifbaiano.edu.br\/unidades\/lapa\/whatsapp-image-2022-05-02-at-14-13-18-1\/\" class=\"wp-image-23044\" \/><\/figure><\/li><\/ul><\/figure>\n","protected":false},"excerpt":{"rendered":"<p>Desde o in\u00edcio do m\u00eas de abril de 2022, a equipe do Projeto de Extens\u00e3o \u201cCaracteriza\u00e7\u00e3o da bovinocultura leiteira no Munic\u00edpio de Serrado Ramalho (BA)\u201d, composta pelos servidores Kleverton Ribeiro e Heliselle Cristine e estudantes Anderson Novais, Rainne Dourado e Iara Novais, est\u00e1 desenvolvendo, nas agrovilas 01, 03, 04, 05, 06, 07, 08, 09 e [&hellip;]<\/p>\n","protected":false},"author":58,"featured_media":0,"comment_status":"open","ping_status":"open","sticky":false,"template":"","format":"standard","meta":[],"categories":[40,65],"tags":[],"_links":{"self":[{"href":"https:\/\/www.ifbaiano.edu.br\/unidades\/lapa\/wp-json\/wp\/v2\/posts\/23047"}],"collection":[{"href":"https:\/\/www.ifbaiano.edu.br\/unidades\/lapa\/wp-json\/wp\/v2\/posts"}],"about":[{"href":"https:\/\/www.ifbaiano.edu.br\/unidades\/lapa\/wp-json\/wp\/v2\/types\/post"}],"author":[{"embeddable":true,"href":"https:\/\/www.ifbaiano.edu.br\/unidades\/lapa\/wp-json\/wp\/v2\/users\/58"}],"replies":[{"embeddable":true,"href":"https:\/\/www.ifbaiano.edu.br\/unidades\/lapa\/wp-json\/wp\/v2\/comments?post=23047"}],"version-history":[{"count":1,"href":"https:\/\/www.ifbaiano.edu.br\/unidades\/lapa\/wp-json\/wp\/v2\/posts\/23047\/revisions"}],"predecessor-version":[{"id":23048,"href":"https:\/\/www.ifbaiano.edu.br\/unidades\/lapa\/wp-json\/wp\/v2\/posts\/23047\/revisions\/23048"}],"wp:attachment":[{"href":"https:\/\/www.ifbaiano.edu.br\/unidades\/lapa\/wp-json\/wp\/v2\/media?parent=23047"}],"wp:term":[{"taxonomy":"category","embeddable":true,"href":"https:\/\/www.ifbaiano.edu.br\/unidades\/lapa\/wp-json\/wp\/v2\/categories?post=23047"},{"taxonomy":"post_tag","embeddable":true,"href":"https:\/\/www.ifbaiano.edu.br\/unidades\/lapa\/wp-json\/wp\/v2\/tags?post=23047"}],"curies":[{"name":"wp","href":"https:\/\/api.w.org\/{rel}","templated":true}]}}