{"id":23068,"date":"2022-05-03T16:02:13","date_gmt":"2022-05-03T19:02:13","guid":{"rendered":"https:\/\/www.ifbaiano.edu.br\/unidades\/lapa\/?p=23068"},"modified":"2022-05-03T16:02:13","modified_gmt":"2022-05-03T19:02:13","slug":"projeto-de-extensao-memoria-patrimonio-historico-de-bom-jesus-da-lapa-e-implicacoes-na-construcao-da-identidade-local-dialogos-com-estudantes-do-ensino-medio","status":"publish","type":"post","link":"https:\/\/www.ifbaiano.edu.br\/unidades\/lapa\/2022\/05\/03\/projeto-de-extensao-memoria-patrimonio-historico-de-bom-jesus-da-lapa-e-implicacoes-na-construcao-da-identidade-local-dialogos-com-estudantes-do-ensino-medio\/","title":{"rendered":"Projeto de Extens\u00e3o \u201cMem\u00f3ria, Patrim\u00f4nio Hist\u00f3rico de Bom Jesus da Lapa e Implica\u00e7\u00f5es na constru\u00e7\u00e3o da identidade local: Di\u00e1logos com estudantes do Ensino M\u00e9dio\u201d"},"content":{"rendered":"\n<p>A Equipe do Projeto de Extens\u00e3o \u201cMem\u00f3ria, Patrim\u00f4nio Hist\u00f3rico de Bom Jesus da Lapa e Implica\u00e7\u00f5es na constru\u00e7\u00e3o da identidade local: Di\u00e1logos com estudantes do Ensino M\u00e9dio\u201d, composta pelo servidor Ge\u00e2ngelo de Matos Rosa (Coordenador) e estudantes Paulo e Isaque, reuniram \u2013 se no IF Baiano \/Campus Bom Jesus da lapa, no dia 23\/03\/2022, para desenvolverem as atividades relacionadas \u00e0 discuss\u00e3o e an\u00e1lise de texto com vistas \u00e0 compreens\u00e3o de conceitos b\u00e1sicos sobre Patrim\u00f4nio e Mem\u00f3ria. Tais discuss\u00f5es s\u00e3o fundamentais para atinar a percep\u00e7\u00e3o dos conceitos acima elencados e assim possibilitar uma maior seguran\u00e7a dos envolvidos no momento de implementa\u00e7\u00e3o das oficinas junto \u00e0 comunidade externa.<\/p>\n\n\n\n<p><\/p>\n\n\n\n<figure class=\"wp-block-gallery columns-2 is-cropped wp-block-gallery-1 is-layout-flex\"><ul class=\"blocks-gallery-grid\"><li class=\"blocks-gallery-item\"><figure><img decoding=\"async\" loading=\"lazy\" width=\"589\" height=\"434\" src=\"https:\/\/www.ifbaiano.edu.br\/unidades\/lapa\/files\/2022\/05\/WhatsApp-Image-2022-05-03-at-13.37.57.jpeg\" alt=\"\" data-id=\"23069\" data-link=\"https:\/\/www.ifbaiano.edu.br\/unidades\/lapa\/?attachment_id=23069\" class=\"wp-image-23069\" \/><\/figure><\/li><li class=\"blocks-gallery-item\"><figure><img decoding=\"async\" loading=\"lazy\" width=\"566\" height=\"426\" src=\"https:\/\/www.ifbaiano.edu.br\/unidades\/lapa\/files\/2022\/05\/WhatsApp-Image-2022-05-03-at-13.38.17.jpeg\" alt=\"\" data-id=\"23070\" data-link=\"https:\/\/www.ifbaiano.edu.br\/unidades\/lapa\/?attachment_id=23070\" class=\"wp-image-23070\" \/><\/figure><\/li><\/ul><\/figure>\n","protected":false},"excerpt":{"rendered":"<p>A Equipe do Projeto de Extens\u00e3o \u201cMem\u00f3ria, Patrim\u00f4nio Hist\u00f3rico de Bom Jesus da Lapa e Implica\u00e7\u00f5es na constru\u00e7\u00e3o da identidade local: Di\u00e1logos com estudantes do Ensino M\u00e9dio\u201d, composta pelo servidor Ge\u00e2ngelo de Matos Rosa (Coordenador) e estudantes Paulo e Isaque, reuniram \u2013 se no IF Baiano \/Campus Bom Jesus da lapa, no dia 23\/03\/2022, para [&hellip;]<\/p>\n","protected":false},"author":58,"featured_media":0,"comment_status":"open","ping_status":"open","sticky":false,"template":"","format":"standard","meta":[],"categories":[64,40,65],"tags":[],"_links":{"self":[{"href":"https:\/\/www.ifbaiano.edu.br\/unidades\/lapa\/wp-json\/wp\/v2\/posts\/23068"}],"collection":[{"href":"https:\/\/www.ifbaiano.edu.br\/unidades\/lapa\/wp-json\/wp\/v2\/posts"}],"about":[{"href":"https:\/\/www.ifbaiano.edu.br\/unidades\/lapa\/wp-json\/wp\/v2\/types\/post"}],"author":[{"embeddable":true,"href":"https:\/\/www.ifbaiano.edu.br\/unidades\/lapa\/wp-json\/wp\/v2\/users\/58"}],"replies":[{"embeddable":true,"href":"https:\/\/www.ifbaiano.edu.br\/unidades\/lapa\/wp-json\/wp\/v2\/comments?post=23068"}],"version-history":[{"count":1,"href":"https:\/\/www.ifbaiano.edu.br\/unidades\/lapa\/wp-json\/wp\/v2\/posts\/23068\/revisions"}],"predecessor-version":[{"id":23071,"href":"https:\/\/www.ifbaiano.edu.br\/unidades\/lapa\/wp-json\/wp\/v2\/posts\/23068\/revisions\/23071"}],"wp:attachment":[{"href":"https:\/\/www.ifbaiano.edu.br\/unidades\/lapa\/wp-json\/wp\/v2\/media?parent=23068"}],"wp:term":[{"taxonomy":"category","embeddable":true,"href":"https:\/\/www.ifbaiano.edu.br\/unidades\/lapa\/wp-json\/wp\/v2\/categories?post=23068"},{"taxonomy":"post_tag","embeddable":true,"href":"https:\/\/www.ifbaiano.edu.br\/unidades\/lapa\/wp-json\/wp\/v2\/tags?post=23068"}],"curies":[{"name":"wp","href":"https:\/\/api.w.org\/{rel}","templated":true}]}}