{"id":23075,"date":"2022-05-06T10:28:27","date_gmt":"2022-05-06T13:28:27","guid":{"rendered":"https:\/\/www.ifbaiano.edu.br\/unidades\/lapa\/?p=23075"},"modified":"2022-05-06T10:28:28","modified_gmt":"2022-05-06T13:28:28","slug":"projeto-de-extensao-sais-da-terra-orientacoes-sobre-manejo-da-salinidade-em-areas-irrigadas-de-riacho-de-santana","status":"publish","type":"post","link":"https:\/\/www.ifbaiano.edu.br\/unidades\/lapa\/2022\/05\/06\/projeto-de-extensao-sais-da-terra-orientacoes-sobre-manejo-da-salinidade-em-areas-irrigadas-de-riacho-de-santana\/","title":{"rendered":"Projeto de Extens\u00e3o \u201cSais da Terra: orienta\u00e7\u00f5es sobre manejo da Salinidade em \u00e1reas irrigadas de Riacho de Santana\u201d"},"content":{"rendered":"\n<p>Dentro da perspectiva intervencionista que orienta as a\u00e7\u00f5es de extens\u00e3o do IF Baiano \u2013 Campus Bom Jesus da Lapa, a equipe do Projeto de Extens\u00e3o sais da Terra: Orienta\u00e7\u00f5es sobre manejo da Salinidade em \u00e1reas irrigadas de Riacho de Santana, composta pelo servidor Jos\u00e9 Eduardo e estudantes Simara Dias Souza e Rainne Dourado de Jesus, deslocou-se \u00e0 comunidade Barreiro Vermelho, Riacho de Santana- BA , para atividades de apresenta\u00e7\u00e3o do projeto, aplica\u00e7\u00e3o de question\u00e1rio e medi\u00e7\u00e3o da condutividade el\u00e9trica da \u00e1gua, utilizada na irriga\u00e7\u00e3o salina, com o objetivo de identificar os produtores com dificuldade no manejo da salinidade e orient\u00e1-los tecnicamente. Na ocasi\u00e3o, a equipe conseguiu a ades\u00e3o de 9 propriedades ao projeto, tendo sido realizadas visitas individuais para caracteriza\u00e7\u00e3o e quantifica\u00e7\u00e3o da condutividade el\u00e9trica da \u00e1gua utilizada por cada produtor.<\/p>\n\n\n\n<p><\/p>\n\n\n\n<figure class=\"wp-block-gallery columns-3 is-cropped wp-block-gallery-1 is-layout-flex\"><ul class=\"blocks-gallery-grid\"><li class=\"blocks-gallery-item\"><figure><img decoding=\"async\" loading=\"lazy\" width=\"527\" height=\"869\" src=\"https:\/\/www.ifbaiano.edu.br\/unidades\/lapa\/files\/2022\/05\/WhatsApp-Image-2022-05-03-at-13.46.06.jpeg\" alt=\"\" data-id=\"23076\" data-link=\"https:\/\/www.ifbaiano.edu.br\/unidades\/lapa\/?attachment_id=23076\" class=\"wp-image-23076\" \/><\/figure><\/li><li class=\"blocks-gallery-item\"><figure><img decoding=\"async\" loading=\"lazy\" width=\"529\" height=\"862\" src=\"https:\/\/www.ifbaiano.edu.br\/unidades\/lapa\/files\/2022\/05\/WhatsApp-Image-2022-05-06-at-08.41.17.jpeg\" alt=\"\" data-id=\"23077\" data-link=\"https:\/\/www.ifbaiano.edu.br\/unidades\/lapa\/?attachment_id=23077\" class=\"wp-image-23077\" \/><\/figure><\/li><li class=\"blocks-gallery-item\"><figure><img decoding=\"async\" loading=\"lazy\" width=\"518\" height=\"389\" src=\"https:\/\/www.ifbaiano.edu.br\/unidades\/lapa\/files\/2022\/05\/WhatsApp-Image-2022-05-06-at-08.41.45.jpeg\" alt=\"\" data-id=\"23078\" data-link=\"https:\/\/www.ifbaiano.edu.br\/unidades\/lapa\/?attachment_id=23078\" class=\"wp-image-23078\" \/><\/figure><\/li><\/ul><\/figure>\n","protected":false},"excerpt":{"rendered":"<p>Dentro da perspectiva intervencionista que orienta as a\u00e7\u00f5es de extens\u00e3o do IF Baiano \u2013 Campus Bom Jesus da Lapa, a equipe do Projeto de Extens\u00e3o sais da Terra: Orienta\u00e7\u00f5es sobre manejo da Salinidade em \u00e1reas irrigadas de Riacho de Santana, composta pelo servidor Jos\u00e9 Eduardo e estudantes Simara Dias Souza e Rainne Dourado de Jesus, [&hellip;]<\/p>\n","protected":false},"author":58,"featured_media":0,"comment_status":"open","ping_status":"open","sticky":false,"template":"","format":"standard","meta":[],"categories":[40,65],"tags":[],"_links":{"self":[{"href":"https:\/\/www.ifbaiano.edu.br\/unidades\/lapa\/wp-json\/wp\/v2\/posts\/23075"}],"collection":[{"href":"https:\/\/www.ifbaiano.edu.br\/unidades\/lapa\/wp-json\/wp\/v2\/posts"}],"about":[{"href":"https:\/\/www.ifbaiano.edu.br\/unidades\/lapa\/wp-json\/wp\/v2\/types\/post"}],"author":[{"embeddable":true,"href":"https:\/\/www.ifbaiano.edu.br\/unidades\/lapa\/wp-json\/wp\/v2\/users\/58"}],"replies":[{"embeddable":true,"href":"https:\/\/www.ifbaiano.edu.br\/unidades\/lapa\/wp-json\/wp\/v2\/comments?post=23075"}],"version-history":[{"count":1,"href":"https:\/\/www.ifbaiano.edu.br\/unidades\/lapa\/wp-json\/wp\/v2\/posts\/23075\/revisions"}],"predecessor-version":[{"id":23079,"href":"https:\/\/www.ifbaiano.edu.br\/unidades\/lapa\/wp-json\/wp\/v2\/posts\/23075\/revisions\/23079"}],"wp:attachment":[{"href":"https:\/\/www.ifbaiano.edu.br\/unidades\/lapa\/wp-json\/wp\/v2\/media?parent=23075"}],"wp:term":[{"taxonomy":"category","embeddable":true,"href":"https:\/\/www.ifbaiano.edu.br\/unidades\/lapa\/wp-json\/wp\/v2\/categories?post=23075"},{"taxonomy":"post_tag","embeddable":true,"href":"https:\/\/www.ifbaiano.edu.br\/unidades\/lapa\/wp-json\/wp\/v2\/tags?post=23075"}],"curies":[{"name":"wp","href":"https:\/\/api.w.org\/{rel}","templated":true}]}}