{"id":2311,"date":"2014-06-02T17:50:40","date_gmt":"2014-06-02T19:50:40","guid":{"rendered":"http:\/\/www.ifbaiano.edu.br\/unidades\/lapa\/?p=2311"},"modified":"2014-06-02T17:51:37","modified_gmt":"2014-06-02T19:51:37","slug":"concurso-cultural-em-comemoracao-da-semana-mundial-do-meio-ambiente","status":"publish","type":"post","link":"https:\/\/www.ifbaiano.edu.br\/unidades\/lapa\/2014\/06\/02\/concurso-cultural-em-comemoracao-da-semana-mundial-do-meio-ambiente\/","title":{"rendered":"Concurso Cultural em comemora\u00e7\u00e3o da Semana Mundial do Meio Ambiente"},"content":{"rendered":"<p>Campus Bom Jesus da Lapa realiza Concurso Cultural em comemora\u00e7\u00e3o da Semana Mundial do Meio Ambiente.<\/p>\n<p><!--more--><br \/>\nO objetivo \u00e9 estimular os alunos do Curso T\u00e9cnico em Agricultura a perceberem a import\u00e2ncia de se preservar e valorizar o meio ambiente, bem como fomentar a divulga\u00e7\u00e3o das belezas naturais da regi\u00e3o em que eles trabalham, estudam ou residem.<\/p>\n<p><a href=\"http:\/\/www.ifbaiano.edu.br\/unidades\/lapa\/files\/2014\/06\/concurso.pdf\">Confira o regulamento.<\/a><\/p>\n<p>Fonte: Coordena\u00e7\u00e3o de Assuntos Estudantis<\/p>\n<p>&nbsp;<\/p>\n","protected":false},"excerpt":{"rendered":"<p>Campus Bom Jesus da Lapa realiza Concurso Cultural em comemora\u00e7\u00e3o da Semana Mundial do Meio Ambiente.<\/p>\n","protected":false},"author":36,"featured_media":0,"comment_status":"open","ping_status":"open","sticky":false,"template":"","format":"standard","meta":[],"categories":[1],"tags":[],"_links":{"self":[{"href":"https:\/\/www.ifbaiano.edu.br\/unidades\/lapa\/wp-json\/wp\/v2\/posts\/2311"}],"collection":[{"href":"https:\/\/www.ifbaiano.edu.br\/unidades\/lapa\/wp-json\/wp\/v2\/posts"}],"about":[{"href":"https:\/\/www.ifbaiano.edu.br\/unidades\/lapa\/wp-json\/wp\/v2\/types\/post"}],"author":[{"embeddable":true,"href":"https:\/\/www.ifbaiano.edu.br\/unidades\/lapa\/wp-json\/wp\/v2\/users\/36"}],"replies":[{"embeddable":true,"href":"https:\/\/www.ifbaiano.edu.br\/unidades\/lapa\/wp-json\/wp\/v2\/comments?post=2311"}],"version-history":[{"count":3,"href":"https:\/\/www.ifbaiano.edu.br\/unidades\/lapa\/wp-json\/wp\/v2\/posts\/2311\/revisions"}],"predecessor-version":[{"id":2315,"href":"https:\/\/www.ifbaiano.edu.br\/unidades\/lapa\/wp-json\/wp\/v2\/posts\/2311\/revisions\/2315"}],"wp:attachment":[{"href":"https:\/\/www.ifbaiano.edu.br\/unidades\/lapa\/wp-json\/wp\/v2\/media?parent=2311"}],"wp:term":[{"taxonomy":"category","embeddable":true,"href":"https:\/\/www.ifbaiano.edu.br\/unidades\/lapa\/wp-json\/wp\/v2\/categories?post=2311"},{"taxonomy":"post_tag","embeddable":true,"href":"https:\/\/www.ifbaiano.edu.br\/unidades\/lapa\/wp-json\/wp\/v2\/tags?post=2311"}],"curies":[{"name":"wp","href":"https:\/\/api.w.org\/{rel}","templated":true}]}}