{"id":23158,"date":"2022-05-24T20:37:18","date_gmt":"2022-05-24T23:37:18","guid":{"rendered":"https:\/\/www.ifbaiano.edu.br\/unidades\/lapa\/?p=23158"},"modified":"2022-05-24T20:37:20","modified_gmt":"2022-05-24T23:37:20","slug":"if-baiano-campus-bom-jesus-da-lapa-busca-parceria-para-implantacao-de-polo-de-apoio-a-ead","status":"publish","type":"post","link":"https:\/\/www.ifbaiano.edu.br\/unidades\/lapa\/2022\/05\/24\/if-baiano-campus-bom-jesus-da-lapa-busca-parceria-para-implantacao-de-polo-de-apoio-a-ead\/","title":{"rendered":"IF Baiano Campus Bom Jesus da Lapa busca parceria para implanta\u00e7\u00e3o de polo de apoio \u00e0 EAD"},"content":{"rendered":"\n<p>No \u00faltimo dia&nbsp;19 de maio, o coordenador de&nbsp;Educa\u00e7\u00e3o a&nbsp;Dist\u00e2ncia (EAD) do IF Baiano Campus Bom Jesus da Lapa, professor Thonny Hawany, reuniu-se com a secret\u00e1ria municipal de educa\u00e7\u00e3o da cidade, professora Cristina Fernandes, e com a coordenadora pedag\u00f3gica geral, professora Cl\u00e1udia, para dialogar inicialmente sobre a implanta\u00e7\u00e3o de um polo de apoio presencial \u00e0 Educa\u00e7\u00e3o a Dist\u00e2ncia, a ser ofertada pelo IF Baiano em parceria com a Prefeitura&nbsp;do&nbsp;Munic\u00edpio.<\/p>\n\n\n\n<p><br>Na oportunidade, o professor Thonny entregou&nbsp;um&nbsp;of\u00edcio&nbsp;de interesse do IF Baiano na cria\u00e7\u00e3o do referido polo e tamb\u00e9m a minuta do Plano de Trabalho para an\u00e1lise e posterior resposta de aceite por parte do executivo municipal.&nbsp;Em sua fala, o professor Thonny afirmou que o IF Baiano est\u00e1 preparado para ofertar cursos de forma\u00e7\u00e3o inicial e continuada, cursos subsequentes de n\u00edvel m\u00e9dio e, muito em breve, tamb\u00e9m poder\u00e1 ofertar cursos de gradua\u00e7\u00e3o e de p\u00f3s-gradua\u00e7\u00e3o lato sensu na modalidade a dist\u00e2ncia. Por fim, o professor&nbsp;salientou&nbsp;que os cursos atender\u00e3o n\u00e3o s\u00f3 \u00e0s necessidades do munic\u00edpio em capacitar e formar&nbsp;seus&nbsp;servidores, mas tamb\u00e9m a forma\u00e7\u00e3o e capacita\u00e7\u00e3o de profissionais com perfis demandados pelas empresas privadas radicadas em Bom Jesus da Lapa e regi\u00e3o.<\/p>\n\n\n\n<p><br>Para mais informa\u00e7\u00f5es sobre a cria\u00e7\u00e3o do polo de apoio e a oferta do ensino a dist\u00e2ncia pelo&nbsp;IF Baiano Campus Bom Jesus da Lapa&nbsp;acompanhe o portal oficial do campus&nbsp;e as&nbsp;redes sociais&nbsp;(<em>Instagram<\/em>)&nbsp;das institui\u00e7\u00f5es envolvidas: @semed_bomjesusdalapa&nbsp;e&nbsp;@prefeitura_bomjesusdalapa.<\/p>\n\n\n\n<p><\/p>\n\n\n\n<figure class=\"wp-block-image size-full\"><img decoding=\"async\" loading=\"lazy\" width=\"1082\" height=\"812\" src=\"https:\/\/www.ifbaiano.edu.br\/unidades\/lapa\/files\/2022\/05\/imagem_2022-05-24_203406472.png\" alt=\"\" class=\"wp-image-23159\" \/><\/figure>\n\n\n\n<p><\/p>\n\n\n\n<p>Encontrou algum erro ou deseja nos enviar sugest\u00f5es?<br>Contate-nos atrav\u00e9s do e-mail\u00a0nce@lapa.ifbaiano.edu.br<\/p>\n\n\n\n<p>Siga-nos nas nossas redes sociais<\/p>\n\n\n\n<p><em><a href=\"https:\/\/www.instagram.com\/ifbaiano_lapa\/\" target=\"_blank\" rel=\"noreferrer noopener\">Instagram<\/a>:<\/em><\/p>\n\n\n\n<p><em><a href=\"https:\/\/pt-br.facebook.com\/pages\/category\/High-School\/IF-Baiano-Campus-Lapa-510051622500057\/\" target=\"_blank\" rel=\"noreferrer noopener\">Facebook<\/a>:<\/em><\/p>\n\n\n\n<p><em><a href=\"https:\/\/www.youtube.com\/channel\/UCg1LluhGm1a1v0apasCNWkg\" target=\"_blank\" rel=\"noreferrer noopener\">YouTube<\/a>:<\/em><\/p>\n","protected":false},"excerpt":{"rendered":"<p>No \u00faltimo dia&nbsp;19 de maio, o coordenador de&nbsp;Educa\u00e7\u00e3o a&nbsp;Dist\u00e2ncia (EAD) do IF Baiano Campus Bom Jesus da Lapa, professor Thonny Hawany, reuniu-se com a secret\u00e1ria municipal de educa\u00e7\u00e3o da cidade, professora Cristina Fernandes, e com a coordenadora pedag\u00f3gica geral, professora Cl\u00e1udia, para dialogar inicialmente sobre a implanta\u00e7\u00e3o de um polo de apoio presencial \u00e0 Educa\u00e7\u00e3o [&hellip;]<\/p>\n","protected":false},"author":58,"featured_media":23159,"comment_status":"open","ping_status":"open","sticky":false,"template":"","format":"standard","meta":[],"categories":[64,72,24,65],"tags":[],"_links":{"self":[{"href":"https:\/\/www.ifbaiano.edu.br\/unidades\/lapa\/wp-json\/wp\/v2\/posts\/23158"}],"collection":[{"href":"https:\/\/www.ifbaiano.edu.br\/unidades\/lapa\/wp-json\/wp\/v2\/posts"}],"about":[{"href":"https:\/\/www.ifbaiano.edu.br\/unidades\/lapa\/wp-json\/wp\/v2\/types\/post"}],"author":[{"embeddable":true,"href":"https:\/\/www.ifbaiano.edu.br\/unidades\/lapa\/wp-json\/wp\/v2\/users\/58"}],"replies":[{"embeddable":true,"href":"https:\/\/www.ifbaiano.edu.br\/unidades\/lapa\/wp-json\/wp\/v2\/comments?post=23158"}],"version-history":[{"count":1,"href":"https:\/\/www.ifbaiano.edu.br\/unidades\/lapa\/wp-json\/wp\/v2\/posts\/23158\/revisions"}],"predecessor-version":[{"id":23160,"href":"https:\/\/www.ifbaiano.edu.br\/unidades\/lapa\/wp-json\/wp\/v2\/posts\/23158\/revisions\/23160"}],"wp:featuredmedia":[{"embeddable":true,"href":"https:\/\/www.ifbaiano.edu.br\/unidades\/lapa\/wp-json\/wp\/v2\/media\/23159"}],"wp:attachment":[{"href":"https:\/\/www.ifbaiano.edu.br\/unidades\/lapa\/wp-json\/wp\/v2\/media?parent=23158"}],"wp:term":[{"taxonomy":"category","embeddable":true,"href":"https:\/\/www.ifbaiano.edu.br\/unidades\/lapa\/wp-json\/wp\/v2\/categories?post=23158"},{"taxonomy":"post_tag","embeddable":true,"href":"https:\/\/www.ifbaiano.edu.br\/unidades\/lapa\/wp-json\/wp\/v2\/tags?post=23158"}],"curies":[{"name":"wp","href":"https:\/\/api.w.org\/{rel}","templated":true}]}}