{"id":2316,"date":"2014-06-03T20:13:17","date_gmt":"2014-06-03T22:13:17","guid":{"rendered":"http:\/\/www.ifbaiano.edu.br\/unidades\/lapa\/?p=2316"},"modified":"2014-06-03T20:13:50","modified_gmt":"2014-06-03T22:13:50","slug":"chamada-para-envio-de-trabalhos-contecc-2014%e2%80%8f","status":"publish","type":"post","link":"https:\/\/www.ifbaiano.edu.br\/unidades\/lapa\/2014\/06\/03\/chamada-para-envio-de-trabalhos-contecc-2014%e2%80%8f\/","title":{"rendered":"Chamada para envio de trabalhos &#8211; CONTECC&#8217; 2014\u200f"},"content":{"rendered":"<p align=\"JUSTIFY\">O\u00a0<a href=\"http:\/\/www.confea.org.br\/cgi\/cgilua.exe\/sys\/start.htm?infoid=18716&amp;sid=10\" target=\"_blank\">Congresso T\u00e9cnico Cient\u00edfico da Engenharia e Agronomia<\/a>\u00a0&#8211; CONTECC&#8217;2014 acontecer\u00e1 em Teresina-PI entre 12 e 15 de agosto.<\/p>\n<p align=\"JUSTIFY\"><!--more--><\/p>\n<p align=\"JUSTIFY\">O evento ser\u00e1 realizado paralelamente \u00e0 71\u00aa Soea (Semana Oficial da Engenharia e da Agronomia) promovida pelo CONFEA, que neste ano tem como tema principal a Inova\u00e7\u00e3o Tecnol\u00f3gica para o Desenvolvimento Nacional.<\/p>\n<p align=\"JUSTIFY\">\u00a0Alinhado a essa tem\u00e1tica, o CONTECC visa articular a comunidade da Engenharia e da Agronomia do Brasil com a inova\u00e7\u00e3o para o desenvolvimento.<\/p>\n<p align=\"JUSTIFY\">Prop\u00f5e tamb\u00e9m estabelecer ambiente adequado para discuss\u00e3o e an\u00e1lise de oportunidades de inova\u00e7\u00e3o nas atividades profissionais voltadas \u00e0 Engenharia e \u00e0 Agronomia no contexto do desenvolvimento do pa\u00eds. Al\u00e9m de fomentar no Sistema espa\u00e7o de difus\u00e3o e debate permanente da inova\u00e7\u00e3o e dos temas relevantes para a \u00e1rea tecnol\u00f3gica, a partir dos conhecimentos t\u00e9cnico, cient\u00edficos e empresariais.<\/p>\n<p align=\"JUSTIFY\">Os temas para o Congresso s\u00e3o: inova\u00e7\u00e3o, planejamento urbano, recursos h\u00eddricos e energ\u00e9ticos, tecnologias inovadoras na agropecu\u00e1ria, incuba\u00e7\u00e3o e empreendedorismo, casos de sucesso, e intera\u00e7\u00e3o das institui\u00e7\u00f5es de ensino com o Sistema Confea\/Crea e com as empresas.<\/p>\n<p align=\"JUSTIFY\">Os melhores trabalhos ser\u00e3o premiados.<\/p>\n<p align=\"JUSTIFY\"><strong>Envio dos trabalhos somente at\u00e9 30 de junho<\/strong>\u00a0pelo e-mail:\u00a0contecc2014@gmail.com<\/p>\n<p align=\"JUSTIFY\">Para maiores informa\u00e7\u00f5es, acessem:\u00a0<a href=\"http:\/\/www.soea.org.br\/\" target=\"_blank\">www.soea.org.br<\/a><\/p>\n<p align=\"JUSTIFY\"><em>Fonte:\u00a0<a href=\"http:\/\/www.pesquisa.ifal.edu.br\/pesquisa\/noticias-1\/chamada-para-envio-de-trabalhos-contecc-2014200f\" target=\"_blank\">IFAL<\/a><\/em><\/p>\n","protected":false},"excerpt":{"rendered":"<p>O\u00a0Congresso T\u00e9cnico Cient\u00edfico da Engenharia e Agronomia\u00a0&#8211; CONTECC&#8217;2014 acontecer\u00e1 em Teresina-PI entre 12 e 15 de agosto.<\/p>\n","protected":false},"author":36,"featured_media":0,"comment_status":"open","ping_status":"open","sticky":false,"template":"","format":"standard","meta":[],"categories":[1],"tags":[],"_links":{"self":[{"href":"https:\/\/www.ifbaiano.edu.br\/unidades\/lapa\/wp-json\/wp\/v2\/posts\/2316"}],"collection":[{"href":"https:\/\/www.ifbaiano.edu.br\/unidades\/lapa\/wp-json\/wp\/v2\/posts"}],"about":[{"href":"https:\/\/www.ifbaiano.edu.br\/unidades\/lapa\/wp-json\/wp\/v2\/types\/post"}],"author":[{"embeddable":true,"href":"https:\/\/www.ifbaiano.edu.br\/unidades\/lapa\/wp-json\/wp\/v2\/users\/36"}],"replies":[{"embeddable":true,"href":"https:\/\/www.ifbaiano.edu.br\/unidades\/lapa\/wp-json\/wp\/v2\/comments?post=2316"}],"version-history":[{"count":3,"href":"https:\/\/www.ifbaiano.edu.br\/unidades\/lapa\/wp-json\/wp\/v2\/posts\/2316\/revisions"}],"predecessor-version":[{"id":2319,"href":"https:\/\/www.ifbaiano.edu.br\/unidades\/lapa\/wp-json\/wp\/v2\/posts\/2316\/revisions\/2319"}],"wp:attachment":[{"href":"https:\/\/www.ifbaiano.edu.br\/unidades\/lapa\/wp-json\/wp\/v2\/media?parent=2316"}],"wp:term":[{"taxonomy":"category","embeddable":true,"href":"https:\/\/www.ifbaiano.edu.br\/unidades\/lapa\/wp-json\/wp\/v2\/categories?post=2316"},{"taxonomy":"post_tag","embeddable":true,"href":"https:\/\/www.ifbaiano.edu.br\/unidades\/lapa\/wp-json\/wp\/v2\/tags?post=2316"}],"curies":[{"name":"wp","href":"https:\/\/api.w.org\/{rel}","templated":true}]}}