{"id":23170,"date":"2022-05-30T15:00:38","date_gmt":"2022-05-30T18:00:38","guid":{"rendered":"https:\/\/www.ifbaiano.edu.br\/unidades\/lapa\/?p=23170"},"modified":"2022-05-30T15:00:39","modified_gmt":"2022-05-30T18:00:39","slug":"estudantes-do-campus-lapa-recebem-certificacao-tecnica-em-agricultura","status":"publish","type":"post","link":"https:\/\/www.ifbaiano.edu.br\/unidades\/lapa\/2022\/05\/30\/estudantes-do-campus-lapa-recebem-certificacao-tecnica-em-agricultura\/","title":{"rendered":"Estudantes do Campus Lapa recebem certifica\u00e7\u00e3o t\u00e9cnica em Agricultura"},"content":{"rendered":"\n<p>Na tarde do \u00faltimo dia\u00a026 de maio, o Instituto Federal Baiano Campus Bom Jesus da Lapa realizou a formatura de uma turma do Curso T\u00e9cnico em Agricultura, modalidade subsequente, no audit\u00f3rio do campus.<br>Estiveram presentes o chefe de gabinete, Ailton Rodrigues, mestre de cerim\u00f4nia da solenidade de certifica\u00e7\u00e3o t\u00e9cnica, que convidou para compor a mesa de honra o diretor-geral substituto, professor Emerson Alves, o diretor acad\u00eamico, professor \u00c9rico Fran\u00e7a, o diretor administrativo substituto, Edv\u00e2nio Macedo, o coordenador de ensino, professor Paulo Correia, o coordenador do curso, professor Alex de Oliveira e o Chefe da Secretaria de Registros Acad\u00eamicos, Jorge Abdon de Souza Junior.<\/p>\n\n\n\n<p><br>O coordenador do curso, professor Alex parabenizou a todos os estudantes, agora T\u00e9cnicos em Agricultura, e salientou a relev\u00e2ncia dos cursos t\u00e9cnicos subsequentes para a cidade e toda regi\u00e3o. O professor Emerson expressou como \u00e9 gratificante a celebra\u00e7\u00e3o deste momento de conclus\u00e3o de curso, tamb\u00e9m incentivou os formandos a continuarem os estudos, inclusive retornando ao Instituto, que est\u00e1 de portas abertas aos que assim desejarem. O diretor acad\u00eamico, professor \u00c9rico congratulou os formandos e destacou o trabalho zeloso da coordena\u00e7\u00e3o do curso e demais servidores no apoio e forma\u00e7\u00e3o dos discentes.<br>Ao todo trinta alunos conclu\u00edram o curso T\u00e9cnico em Agricultura neste per\u00edodo letivo, desses nove participaram da cerim\u00f4nia e receberam o certificado de conclus\u00e3o de curso, em seguida, confraternizaram na presen\u00e7a de familiares, amigos e membros da comunidade acad\u00eamica.<\/p>\n\n\n\n<p><\/p>\n\n\n\n<figure class=\"wp-block-gallery columns-3 is-cropped wp-block-gallery-1 is-layout-flex\"><ul class=\"blocks-gallery-grid\"><li class=\"blocks-gallery-item\"><figure><img decoding=\"async\" loading=\"lazy\" width=\"1600\" height=\"1200\" src=\"https:\/\/www.ifbaiano.edu.br\/unidades\/lapa\/files\/2022\/05\/WhatsApp-Image-2022-05-26-at-15.37.46-1.jpeg\" alt=\"\" data-id=\"23171\" data-link=\"https:\/\/www.ifbaiano.edu.br\/unidades\/lapa\/?attachment_id=23171\" class=\"wp-image-23171\" \/><\/figure><\/li><li class=\"blocks-gallery-item\"><figure><img decoding=\"async\" loading=\"lazy\" width=\"1600\" height=\"1200\" src=\"https:\/\/www.ifbaiano.edu.br\/unidades\/lapa\/files\/2022\/05\/WhatsApp-Image-2022-05-26-at-15.37.46.jpeg\" alt=\"\" data-id=\"23172\" data-link=\"https:\/\/www.ifbaiano.edu.br\/unidades\/lapa\/?attachment_id=23172\" class=\"wp-image-23172\" \/><\/figure><\/li><li class=\"blocks-gallery-item\"><figure><img decoding=\"async\" loading=\"lazy\" width=\"1600\" height=\"1200\" src=\"https:\/\/www.ifbaiano.edu.br\/unidades\/lapa\/files\/2022\/05\/WhatsApp-Image-2022-05-26-at-15.37.47-1.jpeg\" alt=\"\" data-id=\"23173\" data-link=\"https:\/\/www.ifbaiano.edu.br\/unidades\/lapa\/?attachment_id=23173\" class=\"wp-image-23173\" \/><\/figure><\/li><li class=\"blocks-gallery-item\"><figure><img decoding=\"async\" loading=\"lazy\" width=\"1600\" height=\"1200\" src=\"https:\/\/www.ifbaiano.edu.br\/unidades\/lapa\/files\/2022\/05\/WhatsApp-Image-2022-05-26-at-15.37.47.jpeg\" alt=\"\" data-id=\"23174\" data-link=\"https:\/\/www.ifbaiano.edu.br\/unidades\/lapa\/?attachment_id=23174\" class=\"wp-image-23174\" \/><\/figure><\/li><li class=\"blocks-gallery-item\"><figure><img decoding=\"async\" loading=\"lazy\" width=\"1600\" height=\"1200\" src=\"https:\/\/www.ifbaiano.edu.br\/unidades\/lapa\/files\/2022\/05\/WhatsApp-Image-2022-05-26-at-15.37.48.jpeg\" alt=\"\" data-id=\"23175\" data-link=\"https:\/\/www.ifbaiano.edu.br\/unidades\/lapa\/?attachment_id=23175\" class=\"wp-image-23175\" \/><\/figure><\/li><li class=\"blocks-gallery-item\"><figure><img decoding=\"async\" loading=\"lazy\" width=\"1200\" height=\"1600\" src=\"https:\/\/www.ifbaiano.edu.br\/unidades\/lapa\/files\/2022\/05\/WhatsApp-Image-2022-05-26-at-15.37.49.jpeg\" alt=\"\" data-id=\"23176\" data-link=\"https:\/\/www.ifbaiano.edu.br\/unidades\/lapa\/?attachment_id=23176\" class=\"wp-image-23176\" \/><\/figure><\/li><li class=\"blocks-gallery-item\"><figure><img decoding=\"async\" loading=\"lazy\" width=\"1600\" height=\"1200\" src=\"https:\/\/www.ifbaiano.edu.br\/unidades\/lapa\/files\/2022\/05\/WhatsApp-Image-2022-05-26-at-15.37.51.jpeg\" alt=\"\" data-id=\"23178\" data-link=\"https:\/\/www.ifbaiano.edu.br\/unidades\/lapa\/?attachment_id=23178\" class=\"wp-image-23178\" \/><\/figure><\/li><li class=\"blocks-gallery-item\"><figure><img decoding=\"async\" loading=\"lazy\" width=\"1600\" height=\"1200\" src=\"https:\/\/www.ifbaiano.edu.br\/unidades\/lapa\/files\/2022\/05\/WhatsApp-Image-2022-05-26-at-15.37.52.jpeg\" alt=\"\" data-id=\"23179\" data-link=\"https:\/\/www.ifbaiano.edu.br\/unidades\/lapa\/?attachment_id=23179\" class=\"wp-image-23179\" \/><\/figure><\/li><li class=\"blocks-gallery-item\"><figure><img decoding=\"async\" loading=\"lazy\" width=\"1600\" height=\"1200\" src=\"https:\/\/www.ifbaiano.edu.br\/unidades\/lapa\/files\/2022\/05\/WhatsApp-Image-2022-05-26-at-15.37.54.jpeg\" alt=\"\" data-id=\"23180\" data-link=\"https:\/\/www.ifbaiano.edu.br\/unidades\/lapa\/?attachment_id=23180\" class=\"wp-image-23180\" \/><\/figure><\/li><li class=\"blocks-gallery-item\"><figure><img decoding=\"async\" loading=\"lazy\" width=\"1200\" height=\"1600\" src=\"https:\/\/www.ifbaiano.edu.br\/unidades\/lapa\/files\/2022\/05\/WhatsApp-Image-2022-05-26-at-15.37.55.jpeg\" alt=\"\" data-id=\"23181\" data-link=\"https:\/\/www.ifbaiano.edu.br\/unidades\/lapa\/?attachment_id=23181\" class=\"wp-image-23181\" \/><\/figure><\/li><li class=\"blocks-gallery-item\"><figure><img decoding=\"async\" loading=\"lazy\" width=\"1280\" height=\"960\" src=\"https:\/\/www.ifbaiano.edu.br\/unidades\/lapa\/files\/2022\/05\/WhatsApp-Image-2022-05-26-at-15.37.56.jpeg\" alt=\"\" data-id=\"23182\" data-link=\"https:\/\/www.ifbaiano.edu.br\/unidades\/lapa\/?attachment_id=23182\" class=\"wp-image-23182\" \/><\/figure><\/li><li class=\"blocks-gallery-item\"><figure><img decoding=\"async\" loading=\"lazy\" width=\"1200\" height=\"1600\" src=\"https:\/\/www.ifbaiano.edu.br\/unidades\/lapa\/files\/2022\/05\/WhatsApp-Image-2022-05-26-at-15.38.11.jpeg\" alt=\"\" data-id=\"23189\" data-link=\"https:\/\/www.ifbaiano.edu.br\/unidades\/lapa\/?attachment_id=23189\" class=\"wp-image-23189\" \/><\/figure><\/li><li class=\"blocks-gallery-item\"><figure><img decoding=\"async\" loading=\"lazy\" width=\"1280\" height=\"960\" src=\"https:\/\/www.ifbaiano.edu.br\/unidades\/lapa\/files\/2022\/05\/WhatsApp-Image-2022-05-26-at-15.37.57.jpeg\" alt=\"\" data-id=\"23184\" data-link=\"https:\/\/www.ifbaiano.edu.br\/unidades\/lapa\/?attachment_id=23184\" class=\"wp-image-23184\" \/><\/figure><\/li><li class=\"blocks-gallery-item\"><figure><img decoding=\"async\" loading=\"lazy\" width=\"1200\" height=\"1600\" src=\"https:\/\/www.ifbaiano.edu.br\/unidades\/lapa\/files\/2022\/05\/WhatsApp-Image-2022-05-26-at-15.37.50.jpeg\" alt=\"\" data-id=\"23177\" data-link=\"https:\/\/www.ifbaiano.edu.br\/unidades\/lapa\/?attachment_id=23177\" class=\"wp-image-23177\" \/><\/figure><\/li><li class=\"blocks-gallery-item\"><figure><img decoding=\"async\" loading=\"lazy\" width=\"1200\" height=\"1600\" src=\"https:\/\/www.ifbaiano.edu.br\/unidades\/lapa\/files\/2022\/05\/WhatsApp-Image-2022-05-26-at-15.37.57-1.jpeg\" alt=\"\" data-id=\"23183\" data-link=\"https:\/\/www.ifbaiano.edu.br\/unidades\/lapa\/?attachment_id=23183\" class=\"wp-image-23183\" \/><\/figure><\/li><li class=\"blocks-gallery-item\"><figure><img decoding=\"async\" loading=\"lazy\" width=\"1200\" height=\"1600\" src=\"https:\/\/www.ifbaiano.edu.br\/unidades\/lapa\/files\/2022\/05\/WhatsApp-Image-2022-05-26-at-15.37.58.jpeg\" alt=\"\" data-id=\"23185\" data-link=\"https:\/\/www.ifbaiano.edu.br\/unidades\/lapa\/?attachment_id=23185\" class=\"wp-image-23185\" \/><\/figure><\/li><li class=\"blocks-gallery-item\"><figure><img decoding=\"async\" loading=\"lazy\" width=\"1200\" height=\"1600\" src=\"https:\/\/www.ifbaiano.edu.br\/unidades\/lapa\/files\/2022\/05\/WhatsApp-Image-2022-05-26-at-15.38.01.jpeg\" alt=\"\" data-id=\"23186\" data-link=\"https:\/\/www.ifbaiano.edu.br\/unidades\/lapa\/?attachment_id=23186\" class=\"wp-image-23186\" \/><\/figure><\/li><li class=\"blocks-gallery-item\"><figure><img decoding=\"async\" loading=\"lazy\" width=\"1200\" height=\"1600\" src=\"https:\/\/www.ifbaiano.edu.br\/unidades\/lapa\/files\/2022\/05\/WhatsApp-Image-2022-05-26-at-15.38.09.jpeg\" alt=\"\" data-id=\"23187\" data-link=\"https:\/\/www.ifbaiano.edu.br\/unidades\/lapa\/?attachment_id=23187\" class=\"wp-image-23187\" \/><\/figure><\/li><li class=\"blocks-gallery-item\"><figure><img decoding=\"async\" loading=\"lazy\" width=\"1200\" height=\"1600\" src=\"https:\/\/www.ifbaiano.edu.br\/unidades\/lapa\/files\/2022\/05\/WhatsApp-Image-2022-05-26-at-15.38.11-1.jpeg\" alt=\"\" data-id=\"23188\" data-link=\"https:\/\/www.ifbaiano.edu.br\/unidades\/lapa\/?attachment_id=23188\" class=\"wp-image-23188\" \/><\/figure><\/li><li class=\"blocks-gallery-item\"><figure><img decoding=\"async\" loading=\"lazy\" width=\"1200\" height=\"1600\" src=\"https:\/\/www.ifbaiano.edu.br\/unidades\/lapa\/files\/2022\/05\/WhatsApp-Image-2022-05-26-at-15.38.14.jpeg\" alt=\"\" data-id=\"23190\" data-link=\"https:\/\/www.ifbaiano.edu.br\/unidades\/lapa\/?attachment_id=23190\" class=\"wp-image-23190\" \/><\/figure><\/li><li class=\"blocks-gallery-item\"><figure><img decoding=\"async\" loading=\"lazy\" width=\"1200\" height=\"1600\" src=\"https:\/\/www.ifbaiano.edu.br\/unidades\/lapa\/files\/2022\/05\/WhatsApp-Image-2022-05-26-at-15.38.16.jpeg\" alt=\"\" data-id=\"23191\" data-link=\"https:\/\/www.ifbaiano.edu.br\/unidades\/lapa\/?attachment_id=23191\" class=\"wp-image-23191\" \/><\/figure><\/li><li class=\"blocks-gallery-item\"><figure><img decoding=\"async\" loading=\"lazy\" width=\"4752\" height=\"3168\" src=\"https:\/\/www.ifbaiano.edu.br\/unidades\/lapa\/files\/2022\/05\/IMG_0825.jpg\" alt=\"\" data-id=\"23192\" data-link=\"https:\/\/www.ifbaiano.edu.br\/unidades\/lapa\/?attachment_id=23192\" class=\"wp-image-23192\" \/><\/figure><\/li><li class=\"blocks-gallery-item\"><figure><img decoding=\"async\" loading=\"lazy\" width=\"4752\" height=\"3168\" src=\"https:\/\/www.ifbaiano.edu.br\/unidades\/lapa\/files\/2022\/05\/IMG_0826.jpg\" alt=\"\" data-id=\"23193\" data-link=\"https:\/\/www.ifbaiano.edu.br\/unidades\/lapa\/?attachment_id=23193\" class=\"wp-image-23193\" \/><\/figure><\/li><\/ul><\/figure>\n\n\n\n<p>Encontrou algum erro ou deseja nos enviar sugest\u00f5es?<br>Contate-nos atrav\u00e9s do e-mail&nbsp;nce@lapa.ifbaiano.edu.br<\/p>\n\n\n\n<p>Siga-nos nas nossas redes sociais<\/p>\n\n\n\n<p><em><a href=\"https:\/\/www.instagram.com\/ifbaiano_lapa\/\" target=\"_blank\" rel=\"noreferrer noopener\">Instagram<\/a>:<\/em><\/p>\n\n\n\n<p><em><a href=\"https:\/\/pt-br.facebook.com\/pages\/category\/High-School\/IF-Baiano-Campus-Lapa-510051622500057\/\" target=\"_blank\" rel=\"noreferrer noopener\">Facebook<\/a>:<\/em><\/p>\n\n\n\n<p><em><a href=\"https:\/\/www.youtube.com\/channel\/UCg1LluhGm1a1v0apasCNWkg\" target=\"_blank\" rel=\"noreferrer noopener\">YouTube<\/a>:<\/em><\/p>\n","protected":false},"excerpt":{"rendered":"<p>Na tarde do \u00faltimo dia\u00a026 de maio, o Instituto Federal Baiano Campus Bom Jesus da Lapa realizou a formatura de uma turma do Curso T\u00e9cnico em Agricultura, modalidade subsequente, no audit\u00f3rio do campus.Estiveram presentes o chefe de gabinete, Ailton Rodrigues, mestre de cerim\u00f4nia da solenidade de certifica\u00e7\u00e3o t\u00e9cnica, que convidou para compor a mesa de [&hellip;]<\/p>\n","protected":false},"author":58,"featured_media":23180,"comment_status":"open","ping_status":"open","sticky":false,"template":"","format":"standard","meta":[],"categories":[64,30,24,69,65],"tags":[],"_links":{"self":[{"href":"https:\/\/www.ifbaiano.edu.br\/unidades\/lapa\/wp-json\/wp\/v2\/posts\/23170"}],"collection":[{"href":"https:\/\/www.ifbaiano.edu.br\/unidades\/lapa\/wp-json\/wp\/v2\/posts"}],"about":[{"href":"https:\/\/www.ifbaiano.edu.br\/unidades\/lapa\/wp-json\/wp\/v2\/types\/post"}],"author":[{"embeddable":true,"href":"https:\/\/www.ifbaiano.edu.br\/unidades\/lapa\/wp-json\/wp\/v2\/users\/58"}],"replies":[{"embeddable":true,"href":"https:\/\/www.ifbaiano.edu.br\/unidades\/lapa\/wp-json\/wp\/v2\/comments?post=23170"}],"version-history":[{"count":1,"href":"https:\/\/www.ifbaiano.edu.br\/unidades\/lapa\/wp-json\/wp\/v2\/posts\/23170\/revisions"}],"predecessor-version":[{"id":23194,"href":"https:\/\/www.ifbaiano.edu.br\/unidades\/lapa\/wp-json\/wp\/v2\/posts\/23170\/revisions\/23194"}],"wp:featuredmedia":[{"embeddable":true,"href":"https:\/\/www.ifbaiano.edu.br\/unidades\/lapa\/wp-json\/wp\/v2\/media\/23180"}],"wp:attachment":[{"href":"https:\/\/www.ifbaiano.edu.br\/unidades\/lapa\/wp-json\/wp\/v2\/media?parent=23170"}],"wp:term":[{"taxonomy":"category","embeddable":true,"href":"https:\/\/www.ifbaiano.edu.br\/unidades\/lapa\/wp-json\/wp\/v2\/categories?post=23170"},{"taxonomy":"post_tag","embeddable":true,"href":"https:\/\/www.ifbaiano.edu.br\/unidades\/lapa\/wp-json\/wp\/v2\/tags?post=23170"}],"curies":[{"name":"wp","href":"https:\/\/api.w.org\/{rel}","templated":true}]}}