{"id":23198,"date":"2022-05-30T15:54:41","date_gmt":"2022-05-30T18:54:41","guid":{"rendered":"https:\/\/www.ifbaiano.edu.br\/unidades\/lapa\/?p=23198"},"modified":"2022-05-30T15:54:41","modified_gmt":"2022-05-30T18:54:41","slug":"seminario-politicas-de-desenvolvimento-rural-no-velho-chico-avancos-e-desafios","status":"publish","type":"post","link":"https:\/\/www.ifbaiano.edu.br\/unidades\/lapa\/2022\/05\/30\/seminario-politicas-de-desenvolvimento-rural-no-velho-chico-avancos-e-desafios\/","title":{"rendered":"Semin\u00e1rio &#8220;Pol\u00edticas de Desenvolvimento Rural no Velho Chico: avan\u00e7os e desafios&#8221;"},"content":{"rendered":"\n<p>Est\u00e3o abertas as inscri\u00e7\u00f5es para o Semin\u00e1rio intitulado \u201cPol\u00edticas de Desenvolvimento Rural no Velho Chico: avan\u00e7os e desafios. Trata-se de um desdobramento das discuss\u00f5es tecidas na disciplina \u201cPol\u00edticas P\u00fablicas e Desenvolvimento Rural\u201d, ministrada para a turma do quinto semestre do curso de bacharelado em Engenharia Agron\u00f4mica do IF Baiano, Campus Bom Jesus da Lapa. Nesse sentido, o Semin\u00e1rio visa atender \u00e0s expectativas dos discentes por um aprofundamento nas tem\u00e1ticas relativas ao desenvolvimento rural do territ\u00f3rio de identidade Velho Chico. Tal aprofundamento conceitual e pr\u00e1tico ser\u00e1 poss\u00edvel, acredita-se, com a participa\u00e7\u00e3o de agentes diretamente envolvidos com o desenvolvimento rural regional como expositores do evento.<\/p>\n\n\n\n<p><\/p>\n\n\n\n<p>Quando: 10 de junho\u00a0de 2022, das 08 \u00e0s 12:00<\/p>\n\n\n\n<p>Local: Audit\u00f3rio do IF Baiano Campus Bom Jesus da Lapa<\/p>\n\n\n\n<p>P\u00fablico-alvo:<\/p>\n\n\n\n<p>I &#8211; Discentes do bacharelado em Engenharia Agron\u00f4mica matriculados na disciplina \u201cPol\u00edticas P\u00fablicas e Desenvolvimento Rural;<br>II &#8211; Discentes do bacharelado em Engenharia Agron\u00f4mica regularmente matriculados no semestre 2021.2.<br>III &#8211; P\u00fablico externo (estudantes, profissionais ligados \u00e0s ci\u00eancias agr\u00e1rias, agricultores).<\/p>\n\n\n\n<p>Total de vagas: 130<\/p>\n\n\n\n<p>Carga hor\u00e1ria: 4 horas (com emiss\u00e3o de Certificado)<\/p>\n\n\n\n<p>Per\u00edodo de inscri\u00e7\u00e3o: at\u00e9 dia&nbsp;08 de junho&nbsp;de 2022<\/p>\n\n\n\n<p>Link de inscri\u00e7\u00e3o:\u00a0<a rel=\"noreferrer noopener\" target=\"_blank\" href=\"https:\/\/suap.ifbaiano.edu.br\/eventos\/inscricao_publica\/534\/\">https:\/\/suap.ifbaiano.edu.br\/eventos\/inscricao_publica\/534\/<\/a><\/p>\n\n\n\n<figure class=\"wp-block-image\"><img decoding=\"async\" src=\"https:\/\/mail.ifbaiano.edu.br\/service\/home\/~\/?auth=co&amp;loc=pt_BR&amp;id=70657&amp;part=2\" alt=\"\" \/><\/figure>\n","protected":false},"excerpt":{"rendered":"<p>Est\u00e3o abertas as inscri\u00e7\u00f5es para o Semin\u00e1rio intitulado \u201cPol\u00edticas de Desenvolvimento Rural no Velho Chico: avan\u00e7os e desafios. Trata-se de um desdobramento das discuss\u00f5es tecidas na disciplina \u201cPol\u00edticas P\u00fablicas e Desenvolvimento Rural\u201d, ministrada para a turma do quinto semestre do curso de bacharelado em Engenharia Agron\u00f4mica do IF Baiano, Campus Bom Jesus da Lapa. Nesse [&hellip;]<\/p>\n","protected":false},"author":58,"featured_media":23199,"comment_status":"open","ping_status":"open","sticky":false,"template":"","format":"standard","meta":[],"categories":[24,65],"tags":[],"_links":{"self":[{"href":"https:\/\/www.ifbaiano.edu.br\/unidades\/lapa\/wp-json\/wp\/v2\/posts\/23198"}],"collection":[{"href":"https:\/\/www.ifbaiano.edu.br\/unidades\/lapa\/wp-json\/wp\/v2\/posts"}],"about":[{"href":"https:\/\/www.ifbaiano.edu.br\/unidades\/lapa\/wp-json\/wp\/v2\/types\/post"}],"author":[{"embeddable":true,"href":"https:\/\/www.ifbaiano.edu.br\/unidades\/lapa\/wp-json\/wp\/v2\/users\/58"}],"replies":[{"embeddable":true,"href":"https:\/\/www.ifbaiano.edu.br\/unidades\/lapa\/wp-json\/wp\/v2\/comments?post=23198"}],"version-history":[{"count":1,"href":"https:\/\/www.ifbaiano.edu.br\/unidades\/lapa\/wp-json\/wp\/v2\/posts\/23198\/revisions"}],"predecessor-version":[{"id":23200,"href":"https:\/\/www.ifbaiano.edu.br\/unidades\/lapa\/wp-json\/wp\/v2\/posts\/23198\/revisions\/23200"}],"wp:featuredmedia":[{"embeddable":true,"href":"https:\/\/www.ifbaiano.edu.br\/unidades\/lapa\/wp-json\/wp\/v2\/media\/23199"}],"wp:attachment":[{"href":"https:\/\/www.ifbaiano.edu.br\/unidades\/lapa\/wp-json\/wp\/v2\/media?parent=23198"}],"wp:term":[{"taxonomy":"category","embeddable":true,"href":"https:\/\/www.ifbaiano.edu.br\/unidades\/lapa\/wp-json\/wp\/v2\/categories?post=23198"},{"taxonomy":"post_tag","embeddable":true,"href":"https:\/\/www.ifbaiano.edu.br\/unidades\/lapa\/wp-json\/wp\/v2\/tags?post=23198"}],"curies":[{"name":"wp","href":"https:\/\/api.w.org\/{rel}","templated":true}]}}