{"id":2320,"date":"2014-06-03T20:16:10","date_gmt":"2014-06-03T22:16:10","guid":{"rendered":"http:\/\/www.ifbaiano.edu.br\/unidades\/lapa\/?p=2320"},"modified":"2014-06-03T20:16:10","modified_gmt":"2014-06-03T22:16:10","slug":"premio-guia-do-estudante-%e2%80%93-inscricoes-ate-18-de-setembro","status":"publish","type":"post","link":"https:\/\/www.ifbaiano.edu.br\/unidades\/lapa\/2014\/06\/03\/premio-guia-do-estudante-%e2%80%93-inscricoes-ate-18-de-setembro\/","title":{"rendered":"Pr\u00eamio Guia do Estudante \u2013 Inscri\u00e7\u00f5es at\u00e9 18 de setembro"},"content":{"rendered":"<p align=\"LEFT\">As inscri\u00e7\u00f5es para a\u00a0quinta\u00a0edi\u00e7\u00e3o do\u00a0<strong>Pr\u00eamio Guia do Estudante \u2013 Destaques do Ano \u2013<\/strong>est\u00e3o abertas de 30 de maio a 18 de setembro de 2014.<\/p>\n<p align=\"LEFT\"><!--more--><\/p>\n<p><strong>O que \u00e9 o pr\u00eamio<\/strong><br \/>\nO Pr\u00eamio Guia do Estudante \u2013 Destaque do Ano, que faz parte dos Pr\u00eamios Santander Universidades 2014, tem como objetivo reconhecer as institui\u00e7\u00f5es de ensino superior (IES) que mais se destacaram nos \u00faltimos doze meses \u2013 de julho de 2013 a junho de 2014 \u2013 em quatro aspectos do mundo acad\u00eamico. Essas \u00e1reas \u2013 que s\u00e3o as pr\u00f3prias categorias \u2013 s\u00e3o definidas, em cada edi\u00e7\u00e3o, de acordo com os temas mais relevantes para o desenvolvimento da educa\u00e7\u00e3o superior em nosso pa\u00eds.<br \/>\n<strong>Inscri\u00e7\u00f5es<\/strong><br \/>\nA premia\u00e7\u00e3o \u00e9 aberta a todas as IES brasileiras. A inscri\u00e7\u00e3o, que pode ser feita por um docente ou gestor da IES (n\u00e3o importando o seu cargo), se d\u00e1 por meio do preenchimento de um formul\u00e1rio eletr\u00f4nico, acessado pelo link abaixo:<br \/>\n<a href=\"http:\/\/universidades.ciatech.com.br\/\" target=\"_blank\">http:\/\/universidades.ciatech.com.br<\/a><br \/>\n<strong>Categorias para 2014:<\/strong><br \/>\n<strong>Inclus\u00e3o<\/strong>: Identificar as IES que mais t\u00eam se destacado na cria\u00e7\u00e3o e na implementa\u00e7\u00e3o de programas de inclus\u00e3o, de modo a garantir o acesso e a perman\u00eancia na institui\u00e7\u00e3o de estudantes de baixa renda, provenientes de escolas p\u00fablicas, ind\u00edgenas, negros ou com necessidades especiais, entre outros.<br \/>\n<strong>Inova\u00e7\u00e3o no ensino<\/strong>: Reconhecer as IES que focam na melhoria da forma\u00e7\u00e3o acad\u00eamica de seus alunos por meio de pr\u00e1ticas pedag\u00f3gicas inovadoras, como metodologias ativas de ensino, aprendizagem significativa e baseada na resolu\u00e7\u00e3o de problemas, teoria aliada \u00e0 pr\u00e1tica, interdisciplinaridade e educa\u00e7\u00e3o empreendedora e para a inova\u00e7\u00e3o etc.<br \/>\n<strong>Forma\u00e7\u00e3o docente<\/strong>: Apontar as IES que investem na capacita\u00e7\u00e3o e na forma\u00e7\u00e3o continuada do seu corpo docente \u2013 com cursos, treinamentos etc \u2013 de forma a aprimorar a qualidade e o desempenho dos professores e melhorar a rela\u00e7\u00e3o de ensino e aprendizagem dos seus estudantes.<br \/>\n<strong>Parcerias acad\u00eamicas<\/strong>: Selecionar as melhores iniciativas desenvolvidas pelas IES que propiciem a troca de conhecimentos e experi\u00eancias com outras institui\u00e7\u00f5es de ensino \u2013 nacionais e\/ou estrangeiras \u2013 como interc\u00e2mbio acad\u00eamico de alunos ou professores, parcerias para desenvolvimento de pesquisas ou projetos etc.<br \/>\n&#8212; As institui\u00e7\u00f5es podem se inscrever em quantas categorias quiserem. Tamb\u00e9m \u00e9 poss\u00edvel a inscri\u00e7\u00e3o de mais de um projeto em uma mesma categoria. As inscri\u00e7\u00f5es podem ser feitas pela institui\u00e7\u00e3o como um todo ou por departamentos ou cursos espec\u00edficos, de acordo com o que fizer mais sentido com a realidade de cada projeto.<br \/>\n&#8212; Os projetos ou iniciativas descritos dever\u00e3o, necessariamente,\u00a0ter\u00a0sido implementados. Ser\u00e3o considerados aqueles realizados ou que estavam em vigor entre julho de 2013 e junho de 2014.<br \/>\nEm caso de d\u00favidas, entre em contato com a reda\u00e7\u00e3o pelo e-mail<a href=\"mailto:premiodestaquesdoanoge@abril.com.br\" target=\"_blank\">premiodestaquesdoanoge@abril.com.br<\/a><\/p>\n<p>&nbsp;<\/p>\n<p align=\"LEFT\"><em>Editora Guia do Estudante \u2013 Editora Abril<\/em><\/p>\n<p align=\"LEFT\"><em><br \/>\n<\/em><\/p>\n","protected":false},"excerpt":{"rendered":"<p>As inscri\u00e7\u00f5es para a\u00a0quinta\u00a0edi\u00e7\u00e3o do\u00a0Pr\u00eamio Guia do Estudante \u2013 Destaques do Ano \u2013est\u00e3o abertas de 30 de maio a 18 de setembro de 2014.<\/p>\n","protected":false},"author":36,"featured_media":0,"comment_status":"open","ping_status":"open","sticky":false,"template":"","format":"standard","meta":[],"categories":[1],"tags":[],"_links":{"self":[{"href":"https:\/\/www.ifbaiano.edu.br\/unidades\/lapa\/wp-json\/wp\/v2\/posts\/2320"}],"collection":[{"href":"https:\/\/www.ifbaiano.edu.br\/unidades\/lapa\/wp-json\/wp\/v2\/posts"}],"about":[{"href":"https:\/\/www.ifbaiano.edu.br\/unidades\/lapa\/wp-json\/wp\/v2\/types\/post"}],"author":[{"embeddable":true,"href":"https:\/\/www.ifbaiano.edu.br\/unidades\/lapa\/wp-json\/wp\/v2\/users\/36"}],"replies":[{"embeddable":true,"href":"https:\/\/www.ifbaiano.edu.br\/unidades\/lapa\/wp-json\/wp\/v2\/comments?post=2320"}],"version-history":[{"count":2,"href":"https:\/\/www.ifbaiano.edu.br\/unidades\/lapa\/wp-json\/wp\/v2\/posts\/2320\/revisions"}],"predecessor-version":[{"id":2322,"href":"https:\/\/www.ifbaiano.edu.br\/unidades\/lapa\/wp-json\/wp\/v2\/posts\/2320\/revisions\/2322"}],"wp:attachment":[{"href":"https:\/\/www.ifbaiano.edu.br\/unidades\/lapa\/wp-json\/wp\/v2\/media?parent=2320"}],"wp:term":[{"taxonomy":"category","embeddable":true,"href":"https:\/\/www.ifbaiano.edu.br\/unidades\/lapa\/wp-json\/wp\/v2\/categories?post=2320"},{"taxonomy":"post_tag","embeddable":true,"href":"https:\/\/www.ifbaiano.edu.br\/unidades\/lapa\/wp-json\/wp\/v2\/tags?post=2320"}],"curies":[{"name":"wp","href":"https:\/\/api.w.org\/{rel}","templated":true}]}}