{"id":23211,"date":"2022-06-03T08:51:30","date_gmt":"2022-06-03T11:51:30","guid":{"rendered":"https:\/\/www.ifbaiano.edu.br\/unidades\/lapa\/?p=23211"},"modified":"2022-06-03T08:51:30","modified_gmt":"2022-06-03T11:51:30","slug":"ii-reuniao-com-pais-e-responsaveis","status":"publish","type":"post","link":"https:\/\/www.ifbaiano.edu.br\/unidades\/lapa\/2022\/06\/03\/ii-reuniao-com-pais-e-responsaveis\/","title":{"rendered":"II REUNI\u00c3O COM PAIS E RESPONS\u00c1VEIS"},"content":{"rendered":"\n<p>A parceria entre a escola e fam\u00edlia \u00e9 fundamental para o bom desempenho dos estudantes nas atividades acad\u00eamicas e forma\u00e7\u00e3o social. Nessa perspectiva, para discutir quest\u00f5es importantes relacionadas ao processo de ensino e aprendizagem dos (as) discentes, o IF Baiano Campus Bom Jesus da Lapa, tem a honra de convidar os pais e respons\u00e1veis pelos estudantes dos 1\u00ba e 2\u00ba anos, dos Cursos Integrados em Agricultura, Agroecologia e Inform\u00e1tica, para uma reuni\u00e3o a ser realizada no dia 08\/06\/2022 (quarta-feira), no audit\u00f3rio do Campus, \u00e0s 13 horas. Preencha o formul\u00e1rio disponibilizado no link, confirmando a sua participa\u00e7\u00e3o. A sua presen\u00e7a \u00e9 muito importante!<\/p>\n\n\n\n<p><\/p>\n\n\n\n<p><a href=\"https:\/\/docs.google.com\/forms\/d\/e\/1FAIpQLSf7uZKd1oqUPV4NY-xg8RBLNjAGitJ2dKWvNfL3xP15Vo8JHA\/viewform?usp=sf_link\">Acesse Aqui (Redireciona para outra p\u00e1gina)<\/a><\/p>\n\n\n\n<p><\/p>\n\n\n\n<figure class=\"wp-block-image size-full\"><img decoding=\"async\" loading=\"lazy\" width=\"904\" height=\"1280\" src=\"https:\/\/www.ifbaiano.edu.br\/unidades\/lapa\/files\/2022\/06\/card.jpeg\" alt=\"\" class=\"wp-image-23212\" \/><\/figure>\n","protected":false},"excerpt":{"rendered":"<p>A parceria entre a escola e fam\u00edlia \u00e9 fundamental para o bom desempenho dos estudantes nas atividades acad\u00eamicas e forma\u00e7\u00e3o social. Nessa perspectiva, para discutir quest\u00f5es importantes relacionadas ao processo de ensino e aprendizagem dos (as) discentes, o IF Baiano Campus Bom Jesus da Lapa, tem a honra de convidar os pais e respons\u00e1veis pelos [&hellip;]<\/p>\n","protected":false},"author":58,"featured_media":23212,"comment_status":"open","ping_status":"open","sticky":false,"template":"","format":"standard","meta":[],"categories":[64,30,24,68,65],"tags":[],"_links":{"self":[{"href":"https:\/\/www.ifbaiano.edu.br\/unidades\/lapa\/wp-json\/wp\/v2\/posts\/23211"}],"collection":[{"href":"https:\/\/www.ifbaiano.edu.br\/unidades\/lapa\/wp-json\/wp\/v2\/posts"}],"about":[{"href":"https:\/\/www.ifbaiano.edu.br\/unidades\/lapa\/wp-json\/wp\/v2\/types\/post"}],"author":[{"embeddable":true,"href":"https:\/\/www.ifbaiano.edu.br\/unidades\/lapa\/wp-json\/wp\/v2\/users\/58"}],"replies":[{"embeddable":true,"href":"https:\/\/www.ifbaiano.edu.br\/unidades\/lapa\/wp-json\/wp\/v2\/comments?post=23211"}],"version-history":[{"count":1,"href":"https:\/\/www.ifbaiano.edu.br\/unidades\/lapa\/wp-json\/wp\/v2\/posts\/23211\/revisions"}],"predecessor-version":[{"id":23213,"href":"https:\/\/www.ifbaiano.edu.br\/unidades\/lapa\/wp-json\/wp\/v2\/posts\/23211\/revisions\/23213"}],"wp:featuredmedia":[{"embeddable":true,"href":"https:\/\/www.ifbaiano.edu.br\/unidades\/lapa\/wp-json\/wp\/v2\/media\/23212"}],"wp:attachment":[{"href":"https:\/\/www.ifbaiano.edu.br\/unidades\/lapa\/wp-json\/wp\/v2\/media?parent=23211"}],"wp:term":[{"taxonomy":"category","embeddable":true,"href":"https:\/\/www.ifbaiano.edu.br\/unidades\/lapa\/wp-json\/wp\/v2\/categories?post=23211"},{"taxonomy":"post_tag","embeddable":true,"href":"https:\/\/www.ifbaiano.edu.br\/unidades\/lapa\/wp-json\/wp\/v2\/tags?post=23211"}],"curies":[{"name":"wp","href":"https:\/\/api.w.org\/{rel}","templated":true}]}}