{"id":23224,"date":"2022-06-09T09:50:55","date_gmt":"2022-06-09T12:50:55","guid":{"rendered":"https:\/\/www.ifbaiano.edu.br\/unidades\/lapa\/?p=23224"},"modified":"2022-06-09T09:50:55","modified_gmt":"2022-06-09T12:50:55","slug":"coordenacao-de-educacao-a-distancia-do-campus-bom-jesus-da-lapa-visita-secretaria-municipal-de-educacao-de-serra-do-ramalho","status":"publish","type":"post","link":"https:\/\/www.ifbaiano.edu.br\/unidades\/lapa\/2022\/06\/09\/coordenacao-de-educacao-a-distancia-do-campus-bom-jesus-da-lapa-visita-secretaria-municipal-de-educacao-de-serra-do-ramalho\/","title":{"rendered":"Coordena\u00e7\u00e3o de Educa\u00e7\u00e3o a Dist\u00e2ncia do Campus Bom Jesus da Lapa visita Secretaria Municipal de Educa\u00e7\u00e3o de Serra do Ramalho."},"content":{"rendered":"\n<p>A Coordena\u00e7\u00e3o de Educa\u00e7\u00e3o a Dist\u00e2ncia do Campus Bom Jesus da Lapa (CEAD), neste dia 1\u00ba de junho, visitou a Secretaria Municipal de Educa\u00e7\u00e3o (SEMED) de Serra do Ramalho para propor parceira para implanta\u00e7\u00e3o de polo(s) de apoio presencial a Educa\u00e7\u00e3o a Dist\u00e2ncia do IF Baiano naquela localidade.<br>Conforme informou o professor Jean Carlos Ferreira Dourado, o munic\u00edpio de Serra do Ramalho possui 40 escolas, sendo 6 urbanas e 34 ruais, dessas \u00faltimas, 3 s\u00e3o quilombolas e 1 est\u00e1 localizada em comunidade ind\u00edgena. Informou ainda o professor que Serra do Ramalho possui 20 agrovilas, 20 comunidades\/povoados e 7 lugarejos. Como se v\u00ea,<br>No bate-papo com o secret\u00e1rio, verificou-se que Serra do Ramalho \u00e9 um munic\u00edpio baiano que possui muitas peculiaridades que s\u00e3o s\u00f3 dele: a) escolar em comunidades quilombolas, escolas em comunidade ind\u00edgena, escolas em comunidades \u00e0s margens do Rio S\u00e3o Francisco, escolas no campo, escolas em agrovilas, comunidades n\u00e3o quilombolas e n\u00e3o ind\u00edgenas, escolas em lugarejos, al\u00e9m do mais, \u00e9 marca de Serra do Ramalho as escolas multisseriadas.<br>\u00a0Por sua vez, o professor Thonny Hawany, coordenador de educa\u00e7\u00e3o a dist\u00e2ncia do Campus Bom Jesus da Lapa, afirmou que o di\u00e1logo em Serra do Ramalho foi muito promissor e apontou para poss\u00edvel oferta de cursos de forma\u00e7\u00e3o inicial e continuada, de cursos subsequentes ao ensino m\u00e9dio, de cursos superiores de tecnologia e at\u00e9 de especializa\u00e7\u00f5es considerando o tempo de matura\u00e7\u00e3o de todo o projeto EaD do IF Baiano.<br>O professor Jean Carlos, estando com a palavra, elencou tamb\u00e9m as principais necessidades para a popula\u00e7\u00e3o serramalhense com enfoque para a forma\u00e7\u00e3o e capacita\u00e7\u00e3o de servidores p\u00fablicos municipais ligados \u00e0 educa\u00e7\u00e3o sem descartar a possibilidade de cursos para formar e capacitar a popula\u00e7\u00e3o de modo geral, a exemplo do curso de Vendas.<br>Por fim, o CEAD do Campus Bom Jesus da Lapa apresentou o Plano de Trabalho proposto pelo IF Baiano e a reuni\u00e3o foi encerrada com o compromisso de as partes promoverem novos e futuros encontros para desenvolver o projeto que dever\u00e1 culminar na assinatura de um acordo de coopera\u00e7\u00e3o t\u00e9cnica entre o Instituto Federal Baiano e a Prefeitura Municipal de Serra do Ramalho e a consequente cria\u00e7\u00e3o de um ou mais polos de apoio presencial com a implanta\u00e7\u00e3o de cursos para atender aos anseios da popula\u00e7\u00e3o do munic\u00edpio e regi\u00f5es vizinhas.<\/p>\n\n\n\n<figure class=\"wp-block-gallery columns-2 is-cropped wp-block-gallery-1 is-layout-flex\"><ul class=\"blocks-gallery-grid\"><li class=\"blocks-gallery-item\"><figure><img decoding=\"async\" loading=\"lazy\" width=\"1600\" height=\"1200\" src=\"https:\/\/www.ifbaiano.edu.br\/unidades\/lapa\/files\/2022\/06\/EaD-Serra-do-Ramalho-.jpeg\" alt=\"\" data-id=\"23225\" data-link=\"https:\/\/www.ifbaiano.edu.br\/unidades\/lapa\/?attachment_id=23225\" class=\"wp-image-23225\" \/><\/figure><\/li><li class=\"blocks-gallery-item\"><figure><img decoding=\"async\" loading=\"lazy\" width=\"1600\" height=\"1200\" src=\"https:\/\/www.ifbaiano.edu.br\/unidades\/lapa\/files\/2022\/06\/EaD-Serra-do-Ramalho-1.jpeg\" alt=\"\" data-id=\"23226\" data-link=\"https:\/\/www.ifbaiano.edu.br\/unidades\/lapa\/?attachment_id=23226\" class=\"wp-image-23226\" \/><\/figure><\/li><\/ul><\/figure>\n\n\n\n<p>Encontrou algum erro ou deseja nos enviar sugest\u00f5es?<br>Contate-nos atrav\u00e9s do e-mail&nbsp;nce@lapa.ifbaiano.edu.br<\/p>\n\n\n\n<p>Siga-nos nas nossas redes sociais<\/p>\n\n\n\n<p><em><a href=\"https:\/\/www.instagram.com\/ifbaiano_lapa\/\" target=\"_blank\" rel=\"noreferrer noopener\">Instagram<\/a>:<\/em><\/p>\n\n\n\n<p><em><a href=\"https:\/\/pt-br.facebook.com\/pages\/category\/High-School\/IF-Baiano-Campus-Lapa-510051622500057\/\" target=\"_blank\" rel=\"noreferrer noopener\">Facebook<\/a>:<\/em><\/p>\n\n\n\n<p><em><a href=\"https:\/\/www.youtube.com\/channel\/UCg1LluhGm1a1v0apasCNWkg\" target=\"_blank\" rel=\"noreferrer noopener\">YouTube<\/a>:<\/em><\/p>\n","protected":false},"excerpt":{"rendered":"<p>A Coordena\u00e7\u00e3o de Educa\u00e7\u00e3o a Dist\u00e2ncia do Campus Bom Jesus da Lapa (CEAD), neste dia 1\u00ba de junho, visitou a Secretaria Municipal de Educa\u00e7\u00e3o (SEMED) de Serra do Ramalho para propor parceira para implanta\u00e7\u00e3o de polo(s) de apoio presencial a Educa\u00e7\u00e3o a Dist\u00e2ncia do IF Baiano naquela localidade.Conforme informou o professor Jean Carlos Ferreira Dourado, [&hellip;]<\/p>\n","protected":false},"author":58,"featured_media":23226,"comment_status":"open","ping_status":"open","sticky":false,"template":"","format":"standard","meta":[],"categories":[64,72,24,65],"tags":[],"_links":{"self":[{"href":"https:\/\/www.ifbaiano.edu.br\/unidades\/lapa\/wp-json\/wp\/v2\/posts\/23224"}],"collection":[{"href":"https:\/\/www.ifbaiano.edu.br\/unidades\/lapa\/wp-json\/wp\/v2\/posts"}],"about":[{"href":"https:\/\/www.ifbaiano.edu.br\/unidades\/lapa\/wp-json\/wp\/v2\/types\/post"}],"author":[{"embeddable":true,"href":"https:\/\/www.ifbaiano.edu.br\/unidades\/lapa\/wp-json\/wp\/v2\/users\/58"}],"replies":[{"embeddable":true,"href":"https:\/\/www.ifbaiano.edu.br\/unidades\/lapa\/wp-json\/wp\/v2\/comments?post=23224"}],"version-history":[{"count":1,"href":"https:\/\/www.ifbaiano.edu.br\/unidades\/lapa\/wp-json\/wp\/v2\/posts\/23224\/revisions"}],"predecessor-version":[{"id":23227,"href":"https:\/\/www.ifbaiano.edu.br\/unidades\/lapa\/wp-json\/wp\/v2\/posts\/23224\/revisions\/23227"}],"wp:featuredmedia":[{"embeddable":true,"href":"https:\/\/www.ifbaiano.edu.br\/unidades\/lapa\/wp-json\/wp\/v2\/media\/23226"}],"wp:attachment":[{"href":"https:\/\/www.ifbaiano.edu.br\/unidades\/lapa\/wp-json\/wp\/v2\/media?parent=23224"}],"wp:term":[{"taxonomy":"category","embeddable":true,"href":"https:\/\/www.ifbaiano.edu.br\/unidades\/lapa\/wp-json\/wp\/v2\/categories?post=23224"},{"taxonomy":"post_tag","embeddable":true,"href":"https:\/\/www.ifbaiano.edu.br\/unidades\/lapa\/wp-json\/wp\/v2\/tags?post=23224"}],"curies":[{"name":"wp","href":"https:\/\/api.w.org\/{rel}","templated":true}]}}