{"id":23228,"date":"2022-06-09T10:47:29","date_gmt":"2022-06-09T13:47:29","guid":{"rendered":"https:\/\/www.ifbaiano.edu.br\/unidades\/lapa\/?p=23228"},"modified":"2022-06-09T10:47:30","modified_gmt":"2022-06-09T13:47:30","slug":"coordenacao-de-educacao-a-distancia-do-campus-bom-jesus-da-lapa-visita-secretaria-municipal-de-educacao-de-sitio-do-mato","status":"publish","type":"post","link":"https:\/\/www.ifbaiano.edu.br\/unidades\/lapa\/2022\/06\/09\/coordenacao-de-educacao-a-distancia-do-campus-bom-jesus-da-lapa-visita-secretaria-municipal-de-educacao-de-sitio-do-mato\/","title":{"rendered":"Coordena\u00e7\u00e3o de Educa\u00e7\u00e3o a Dist\u00e2ncia do Campus Bom Jesus da Lapa visita Secretaria Municipal de Educa\u00e7\u00e3o de S\u00edtio do Mato."},"content":{"rendered":"\n<p>No dia\u00a024 de maio\u00a0de 2022, o professor Thonny Hawany, coordenador de educa\u00e7\u00e3o a dist\u00e2ncia do Campus Bom Jesus da Lapa, visitou a Secretaria de Educa\u00e7\u00e3o do Munic\u00edpio de S\u00edtio do Mato para propor parceria com o objetivo de criar um polo de apoio presencial aos cursos EaD naquela localidade. O di\u00e1logo foi muito promissor e apontou para poss\u00edvel oferta de cursos de forma\u00e7\u00e3o inicial e continuada, de cursos subsequentes ao ensino m\u00e9dio, de cursos superiores de tecnologia e at\u00e9 de especializa\u00e7\u00f5es considerando o tempo de matura\u00e7\u00e3o de todo o projeto EaD do IF Baiano.<br>As professoras Niuza Teixeira dos Santos Oliveira, secret\u00e1ria municipal de educa\u00e7\u00e3o, e Isabel dos Santos Meira Luiz, coordenadora pedag\u00f3gica geral, elencaram as principais necessidades para a popula\u00e7\u00e3o sitiomatense com enfoque para a forma\u00e7\u00e3o e capacita\u00e7\u00e3o de servidores p\u00fablicos municipais ligados \u00e0 educa\u00e7\u00e3o sem descartar a possibilidade de cursos para formar e capacitar a popula\u00e7\u00e3o de modo geral.<br>O professor Thonny Hawany, por sua vez, apresentou o rol de cursos EaD da Institui\u00e7\u00e3o que j\u00e1 est\u00e1 \u00e0 disposi\u00e7\u00e3o dos munic\u00edpios baianos desde 2019 e tamb\u00e9m falou sobre outros projetos ainda em articula\u00e7\u00e3o. Em sua fala, o professor deixou claro que, apesar das limita\u00e7\u00f5es, a EaD do IF Baiano vem crescendo e, muito em breve, poder\u00e1 ofertar cursos em todos os n\u00edveis e \u00e1reas para atender, principalmente, \u00e0s regi\u00f5es onde as institui\u00e7\u00f5es f\u00edsicas especializadas em educa\u00e7\u00e3o presencial ainda n\u00e3o chegaram.<br>A reuni\u00e3o foi encerrada com o compromisso de as partes promoverem novos e futuros encontros para desenvolver o projeto que dever\u00e1 culminar na consequente assinatura de um acordo de coopera\u00e7\u00e3o t\u00e9cnica entre o Instituto Federal Baiano e a Prefeitura Municipal de S\u00edrio do Mato e a certa cria\u00e7\u00e3o do polo de apoio presencial com a implanta\u00e7\u00e3o de cursos para atender aos anseios da popula\u00e7\u00e3o do munic\u00edpio e regi\u00f5es vizinhas.<\/p>\n","protected":false},"excerpt":{"rendered":"<p>No dia\u00a024 de maio\u00a0de 2022, o professor Thonny Hawany, coordenador de educa\u00e7\u00e3o a dist\u00e2ncia do Campus Bom Jesus da Lapa, visitou a Secretaria de Educa\u00e7\u00e3o do Munic\u00edpio de S\u00edtio do Mato para propor parceria com o objetivo de criar um polo de apoio presencial aos cursos EaD naquela localidade. O di\u00e1logo foi muito promissor e [&hellip;]<\/p>\n","protected":false},"author":58,"featured_media":0,"comment_status":"open","ping_status":"open","sticky":false,"template":"","format":"standard","meta":[],"categories":[72],"tags":[],"_links":{"self":[{"href":"https:\/\/www.ifbaiano.edu.br\/unidades\/lapa\/wp-json\/wp\/v2\/posts\/23228"}],"collection":[{"href":"https:\/\/www.ifbaiano.edu.br\/unidades\/lapa\/wp-json\/wp\/v2\/posts"}],"about":[{"href":"https:\/\/www.ifbaiano.edu.br\/unidades\/lapa\/wp-json\/wp\/v2\/types\/post"}],"author":[{"embeddable":true,"href":"https:\/\/www.ifbaiano.edu.br\/unidades\/lapa\/wp-json\/wp\/v2\/users\/58"}],"replies":[{"embeddable":true,"href":"https:\/\/www.ifbaiano.edu.br\/unidades\/lapa\/wp-json\/wp\/v2\/comments?post=23228"}],"version-history":[{"count":1,"href":"https:\/\/www.ifbaiano.edu.br\/unidades\/lapa\/wp-json\/wp\/v2\/posts\/23228\/revisions"}],"predecessor-version":[{"id":23229,"href":"https:\/\/www.ifbaiano.edu.br\/unidades\/lapa\/wp-json\/wp\/v2\/posts\/23228\/revisions\/23229"}],"wp:attachment":[{"href":"https:\/\/www.ifbaiano.edu.br\/unidades\/lapa\/wp-json\/wp\/v2\/media?parent=23228"}],"wp:term":[{"taxonomy":"category","embeddable":true,"href":"https:\/\/www.ifbaiano.edu.br\/unidades\/lapa\/wp-json\/wp\/v2\/categories?post=23228"},{"taxonomy":"post_tag","embeddable":true,"href":"https:\/\/www.ifbaiano.edu.br\/unidades\/lapa\/wp-json\/wp\/v2\/tags?post=23228"}],"curies":[{"name":"wp","href":"https:\/\/api.w.org\/{rel}","templated":true}]}}