{"id":2323,"date":"2014-06-05T12:48:23","date_gmt":"2014-06-05T14:48:23","guid":{"rendered":"http:\/\/www.ifbaiano.edu.br\/unidades\/lapa\/?p=2323"},"modified":"2014-06-05T12:49:16","modified_gmt":"2014-06-05T14:49:16","slug":"2323","status":"publish","type":"post","link":"https:\/\/www.ifbaiano.edu.br\/unidades\/lapa\/2014\/06\/05\/2323\/","title":{"rendered":"Apresenta\u00e7\u00e3o Musical &#8211; Campus Lapa"},"content":{"rendered":"<p>A apresenta\u00e7\u00e3o acontece amanh\u00e3, 06\/06, \u00e0s 11:00 horas, no audit\u00f3rio.<\/p>\n<p><!--more--><\/p>\n<p>Convidamos toda a comunidade acad\u00eamica do IF Baiano para a apresenta\u00e7\u00e3o musical que ser\u00e1 realizada amanh\u00e3 (sexta-feira), 06\/06\/2014, aqui no audit\u00f3rio do campus \u00e0s 11:00 horas.<\/p>\n<p>Teremos a participa\u00e7\u00e3o dos alunos de Inicia\u00e7\u00e3o Musical apresentando repert\u00f3rio de m\u00fasica instrumental, al\u00e9m da estreia do Coro Baiano Encanto, formado por servidores e alunos do nosso Campus. No repert\u00f3rio, teremos m\u00fasicas desde o estilo erudito, mpb, folclore e cinema.<\/p>\n<p><a href=\"http:\/\/www.ifbaiano.edu.br\/unidades\/lapa\/files\/2014\/06\/apresentacao.jpg\"><img decoding=\"async\" loading=\"lazy\" class=\"alignleft size-medium wp-image-2324\" src=\"http:\/\/www.ifbaiano.edu.br\/unidades\/lapa\/files\/2014\/06\/apresentacao-225x300.jpg\" alt=\"\" width=\"225\" height=\"300\" srcset=\"https:\/\/www.ifbaiano.edu.br\/unidades\/lapa\/files\/2014\/06\/apresentacao-225x300.jpg 225w, https:\/\/www.ifbaiano.edu.br\/unidades\/lapa\/files\/2014\/06\/apresentacao-400x533.jpg 400w, https:\/\/www.ifbaiano.edu.br\/unidades\/lapa\/files\/2014\/06\/apresentacao.jpg 720w\" sizes=\"(max-width: 225px) 100vw, 225px\" \/><\/a><\/p>\n<p>&nbsp;<\/p>\n<p>&nbsp;<\/p>\n<p>&nbsp;<\/p>\n<p>&nbsp;<\/p>\n<p>&nbsp;<\/p>\n<p>&nbsp;<\/p>\n<p>&nbsp;<\/p>\n<p>&nbsp;<\/p>\n<p>&nbsp;<\/p>\n<p>Fonte: Prof. Vasni Filho<\/p>\n","protected":false},"excerpt":{"rendered":"<p>A apresenta\u00e7\u00e3o acontece amanh\u00e3, 06\/06, \u00e0s 11:00 horas, no audit\u00f3rio.<\/p>\n","protected":false},"author":36,"featured_media":0,"comment_status":"open","ping_status":"open","sticky":false,"template":"","format":"standard","meta":[],"categories":[1],"tags":[],"_links":{"self":[{"href":"https:\/\/www.ifbaiano.edu.br\/unidades\/lapa\/wp-json\/wp\/v2\/posts\/2323"}],"collection":[{"href":"https:\/\/www.ifbaiano.edu.br\/unidades\/lapa\/wp-json\/wp\/v2\/posts"}],"about":[{"href":"https:\/\/www.ifbaiano.edu.br\/unidades\/lapa\/wp-json\/wp\/v2\/types\/post"}],"author":[{"embeddable":true,"href":"https:\/\/www.ifbaiano.edu.br\/unidades\/lapa\/wp-json\/wp\/v2\/users\/36"}],"replies":[{"embeddable":true,"href":"https:\/\/www.ifbaiano.edu.br\/unidades\/lapa\/wp-json\/wp\/v2\/comments?post=2323"}],"version-history":[{"count":4,"href":"https:\/\/www.ifbaiano.edu.br\/unidades\/lapa\/wp-json\/wp\/v2\/posts\/2323\/revisions"}],"predecessor-version":[{"id":2328,"href":"https:\/\/www.ifbaiano.edu.br\/unidades\/lapa\/wp-json\/wp\/v2\/posts\/2323\/revisions\/2328"}],"wp:attachment":[{"href":"https:\/\/www.ifbaiano.edu.br\/unidades\/lapa\/wp-json\/wp\/v2\/media?parent=2323"}],"wp:term":[{"taxonomy":"category","embeddable":true,"href":"https:\/\/www.ifbaiano.edu.br\/unidades\/lapa\/wp-json\/wp\/v2\/categories?post=2323"},{"taxonomy":"post_tag","embeddable":true,"href":"https:\/\/www.ifbaiano.edu.br\/unidades\/lapa\/wp-json\/wp\/v2\/tags?post=2323"}],"curies":[{"name":"wp","href":"https:\/\/api.w.org\/{rel}","templated":true}]}}