{"id":23230,"date":"2022-06-09T16:02:53","date_gmt":"2022-06-09T19:02:53","guid":{"rendered":"https:\/\/www.ifbaiano.edu.br\/unidades\/lapa\/?p=23230"},"modified":"2022-06-09T16:10:57","modified_gmt":"2022-06-09T19:10:57","slug":"informativo-pos-reuniao-de-pais-2021","status":"publish","type":"post","link":"https:\/\/www.ifbaiano.edu.br\/unidades\/lapa\/2022\/06\/09\/informativo-pos-reuniao-de-pais-2021\/","title":{"rendered":"Informativo p\u00f3s Reuni\u00e3o de Pais"},"content":{"rendered":"\n<p>O Campus Bom Jesus da Lapa realizou no dia 08 de junho de 2022, no turno vespertino, um encontro entre fam\u00edlia e escola.\u00a0 Participaram do momento pais, m\u00e3es ou respons\u00e1veis pelos estudantes dos primeiros e segundos anos dos cursos de n\u00edvel m\u00e9dio Integrado em Agricultura, Agroecologia e Inform\u00e1tica. <\/p>\n\n\n\n<p>O Diretor Geral apresentou um panorama da rede federal no contexto atual e os desafios para manuten\u00e7\u00e3o das atividades. A Dire\u00e7\u00e3o Acad\u00eamica, Coordena\u00e7\u00e3o de Ensino e Equipe Pedag\u00f3gica apresentaram a proposta letiva em desenvolvimento, as atividades disciplinares, a\u00e7\u00f5es extracurriculares, pol\u00edticas de assist\u00eancia ao estudante e outras a\u00e7\u00f5es referentes ao per\u00edodo letivo de 2021 que se encerrar\u00e1 em 29 de junho de 2022. <\/p>\n\n\n\n<p>O encontro contou com uma participa\u00e7\u00e3o expressiva de pais, totalizando mais de 100 participantes presentes. Durante a reuni\u00e3o os pais se pronunciaram destacando pontos positivos, sugest\u00f5es e d\u00favidas sobre o processo de ensino, pesquisa e extens\u00e3o. O momento foi marcado pela alegria do reencontro presencial, com todos os cuidados preventivos \u00e0 COVID 19, como uso de \u00e1lcool em gel e m\u00e1scaras. <\/p>\n\n\n\n<p>Destaca-se como pontos positivos a possibilidade de aproxima\u00e7\u00e3o e fortalecimento dos v\u00ednculos entre pais, gestores, docentes, e demais servidores. A finaliza\u00e7\u00e3o do encontro ocorreu com di\u00e1logo entre pais e docentes, em espa\u00e7os reservados, para apresenta\u00e7\u00e3o de situa\u00e7\u00f5es espec\u00edficas dos estudantes, conforme procura.<\/p>\n\n\n\n<figure class=\"wp-block-gallery columns-2 wp-block-gallery-1 is-layout-flex\"><ul class=\"blocks-gallery-grid\"><li class=\"blocks-gallery-item\"><figure><a href=\"https:\/\/www.ifbaiano.edu.br\/unidades\/lapa\/files\/2022\/06\/IMG_20220608_133020.jpg\"><img decoding=\"async\" loading=\"lazy\" width=\"4624\" height=\"2136\" src=\"https:\/\/www.ifbaiano.edu.br\/unidades\/lapa\/files\/2022\/06\/IMG_20220608_133020.jpg\" alt=\"\" data-id=\"23231\" data-link=\"https:\/\/www.ifbaiano.edu.br\/unidades\/lapa\/?attachment_id=23231\" class=\"wp-image-23231\" \/><\/a><\/figure><\/li><li class=\"blocks-gallery-item\"><figure><a href=\"https:\/\/www.ifbaiano.edu.br\/unidades\/lapa\/files\/2022\/06\/IMG_20220608_133055.jpg\"><img decoding=\"async\" loading=\"lazy\" width=\"4624\" height=\"2136\" src=\"https:\/\/www.ifbaiano.edu.br\/unidades\/lapa\/files\/2022\/06\/IMG_20220608_133055.jpg\" alt=\"\" data-id=\"23232\" data-link=\"https:\/\/www.ifbaiano.edu.br\/unidades\/lapa\/?attachment_id=23232\" class=\"wp-image-23232\" \/><\/a><\/figure><\/li><li class=\"blocks-gallery-item\"><figure><a href=\"https:\/\/www.ifbaiano.edu.br\/unidades\/lapa\/files\/2022\/06\/IMG_20220608_133930.jpg\"><img decoding=\"async\" loading=\"lazy\" width=\"4624\" height=\"2136\" src=\"https:\/\/www.ifbaiano.edu.br\/unidades\/lapa\/files\/2022\/06\/IMG_20220608_133930.jpg\" alt=\"\" data-id=\"23233\" data-link=\"https:\/\/www.ifbaiano.edu.br\/unidades\/lapa\/?attachment_id=23233\" class=\"wp-image-23233\" \/><\/a><\/figure><\/li><li class=\"blocks-gallery-item\"><figure><a href=\"https:\/\/www.ifbaiano.edu.br\/unidades\/lapa\/files\/2022\/06\/IMG_20220608_144357.jpg\"><img decoding=\"async\" loading=\"lazy\" width=\"4624\" height=\"2136\" src=\"https:\/\/www.ifbaiano.edu.br\/unidades\/lapa\/files\/2022\/06\/IMG_20220608_144357.jpg\" alt=\"\" data-id=\"23236\" data-link=\"https:\/\/www.ifbaiano.edu.br\/unidades\/lapa\/?attachment_id=23236\" class=\"wp-image-23236\" \/><\/a><\/figure><\/li><li class=\"blocks-gallery-item\"><figure><a href=\"https:\/\/www.ifbaiano.edu.br\/unidades\/lapa\/files\/2022\/06\/IMG_20220608_143220.jpg\"><img decoding=\"async\" loading=\"lazy\" width=\"4624\" height=\"2136\" src=\"https:\/\/www.ifbaiano.edu.br\/unidades\/lapa\/files\/2022\/06\/IMG_20220608_143220.jpg\" alt=\"\" data-id=\"23245\" data-link=\"https:\/\/www.ifbaiano.edu.br\/unidades\/lapa\/2022\/06\/09\/informativo-pos-reuniao-de-pais-2021\/img_20220608_143220\/\" class=\"wp-image-23245\" \/><\/a><\/figure><\/li><li class=\"blocks-gallery-item\"><figure><a href=\"https:\/\/www.ifbaiano.edu.br\/unidades\/lapa\/files\/2022\/06\/IMG_20220608_134742.jpg\"><img decoding=\"async\" loading=\"lazy\" width=\"3264\" height=\"1504\" src=\"https:\/\/www.ifbaiano.edu.br\/unidades\/lapa\/files\/2022\/06\/IMG_20220608_134742.jpg\" alt=\"\" data-id=\"23247\" data-link=\"https:\/\/www.ifbaiano.edu.br\/unidades\/lapa\/2022\/06\/09\/informativo-pos-reuniao-de-pais-2021\/img_20220608_134742\/\" class=\"wp-image-23247\" \/><\/a><\/figure><\/li><\/ul><\/figure>\n\n\n\n<figure class=\"wp-block-embed is-type-video is-provider-youtube wp-block-embed-youtube wp-embed-aspect-16-9 wp-has-aspect-ratio\"><div class=\"wp-block-embed__wrapper\">\n<iframe loading=\"lazy\" title=\"VIDEO Reuni\u00e3o 08 06 2022\" width=\"500\" height=\"281\" src=\"https:\/\/www.youtube.com\/embed\/HSG_My7K-Uc?feature=oembed\" frameborder=\"0\" allow=\"accelerometer; autoplay; clipboard-write; encrypted-media; gyroscope; picture-in-picture\" allowfullscreen><\/iframe>\n<\/div><\/figure>\n\n\n\n<p>Encontrou algum erro ou deseja nos enviar sugest\u00f5es?<br>Contate-nos atrav\u00e9s do e-mail&nbsp;nce@lapa.ifbaiano.edu.br<\/p>\n\n\n\n<p>Siga-nos nas nossas redes sociais<\/p>\n\n\n\n<p><em><a href=\"https:\/\/www.instagram.com\/ifbaiano_lapa\/\" target=\"_blank\" rel=\"noreferrer noopener\">Instagram<\/a>:<\/em><\/p>\n\n\n\n<p><em><a href=\"https:\/\/pt-br.facebook.com\/pages\/category\/High-School\/IF-Baiano-Campus-Lapa-510051622500057\/\" target=\"_blank\" rel=\"noreferrer noopener\">Facebook<\/a>:<\/em><\/p>\n\n\n\n<p><em><a href=\"https:\/\/www.youtube.com\/channel\/UCg1LluhGm1a1v0apasCNWkg\" target=\"_blank\" rel=\"noreferrer noopener\">YouTube<\/a>:<\/em><\/p>\n","protected":false},"excerpt":{"rendered":"<p>O Campus Bom Jesus da Lapa realizou no dia 08 de junho de 2022, no turno vespertino, um encontro entre fam\u00edlia e escola.\u00a0 Participaram do momento pais, m\u00e3es ou respons\u00e1veis pelos estudantes dos primeiros e segundos anos dos cursos de n\u00edvel m\u00e9dio Integrado em Agricultura, Agroecologia e Inform\u00e1tica. O Diretor Geral apresentou um panorama da [&hellip;]<\/p>\n","protected":false},"author":58,"featured_media":0,"comment_status":"open","ping_status":"open","sticky":false,"template":"","format":"standard","meta":[],"categories":[64,24,65],"tags":[],"_links":{"self":[{"href":"https:\/\/www.ifbaiano.edu.br\/unidades\/lapa\/wp-json\/wp\/v2\/posts\/23230"}],"collection":[{"href":"https:\/\/www.ifbaiano.edu.br\/unidades\/lapa\/wp-json\/wp\/v2\/posts"}],"about":[{"href":"https:\/\/www.ifbaiano.edu.br\/unidades\/lapa\/wp-json\/wp\/v2\/types\/post"}],"author":[{"embeddable":true,"href":"https:\/\/www.ifbaiano.edu.br\/unidades\/lapa\/wp-json\/wp\/v2\/users\/58"}],"replies":[{"embeddable":true,"href":"https:\/\/www.ifbaiano.edu.br\/unidades\/lapa\/wp-json\/wp\/v2\/comments?post=23230"}],"version-history":[{"count":7,"href":"https:\/\/www.ifbaiano.edu.br\/unidades\/lapa\/wp-json\/wp\/v2\/posts\/23230\/revisions"}],"predecessor-version":[{"id":23248,"href":"https:\/\/www.ifbaiano.edu.br\/unidades\/lapa\/wp-json\/wp\/v2\/posts\/23230\/revisions\/23248"}],"wp:attachment":[{"href":"https:\/\/www.ifbaiano.edu.br\/unidades\/lapa\/wp-json\/wp\/v2\/media?parent=23230"}],"wp:term":[{"taxonomy":"category","embeddable":true,"href":"https:\/\/www.ifbaiano.edu.br\/unidades\/lapa\/wp-json\/wp\/v2\/categories?post=23230"},{"taxonomy":"post_tag","embeddable":true,"href":"https:\/\/www.ifbaiano.edu.br\/unidades\/lapa\/wp-json\/wp\/v2\/tags?post=23230"}],"curies":[{"name":"wp","href":"https:\/\/api.w.org\/{rel}","templated":true}]}}