{"id":23260,"date":"2022-06-13T22:14:24","date_gmt":"2022-06-14T01:14:24","guid":{"rendered":"https:\/\/www.ifbaiano.edu.br\/unidades\/lapa\/?p=23260"},"modified":"2022-06-13T23:21:31","modified_gmt":"2022-06-14T02:21:31","slug":"campus-bom-jesus-da-lapa-suspende-aulas-presenciais-apos-confirmacao-de-casos-de-covid-19","status":"publish","type":"post","link":"https:\/\/www.ifbaiano.edu.br\/unidades\/lapa\/2022\/06\/13\/campus-bom-jesus-da-lapa-suspende-aulas-presenciais-apos-confirmacao-de-casos-de-covid-19\/","title":{"rendered":"Campus Bom Jesus da Lapa suspende aulas presenciais ap\u00f3s confirma\u00e7\u00e3o de casos de covid-19"},"content":{"rendered":"\n<p><em>Unidade ir\u00e1 retomar Atividades Pedag\u00f3gicas N\u00e3o Presenciais (APNPs) at\u00e9 o t\u00e9rmino do ano letivo 2021<\/em><\/p>\n\n\n\n<p>A dire\u00e7\u00e3o geral do Instituto Federal Baiano \u2013&nbsp;<em>Campus&nbsp;<\/em>Bom Jesus da Lapa divulgou hoje, 13,&nbsp;<a href=\"https:\/\/ifbaiano.edu.br\/portal\/wp-content\/uploads\/2022\/06\/Portaria-Normativa-8-2022-BJL-GAB_Suspende-as-aulas-presencias-e-estabelece-APNPs-para-a-finalizacao-dos-periodos-letivos-em-vigor-em-decorrencia-de-casos-de-Covid-19-Campus-BJL-1.pdf\" target=\"_blank\" rel=\"noreferrer noopener\">portaria normativa<\/a>, na qual suspende as aulas presenciais na unidade e estabelece a realiza\u00e7\u00e3o de Atividades Pedag\u00f3gicas N\u00e3o Presenciais (APNPs) at\u00e9 o t\u00e9rmino do ano letivo 2021, para os cursos da Educa\u00e7\u00e3o Profissional T\u00e9cnica de N\u00edvel M\u00e9dio, e at\u00e9 o t\u00e9rmino dos semestres letivos em vigor, para os cursos de n\u00edvel superior. A medida entra em vigor a partir de amanh\u00e3, 14 de junho.<\/p>\n\n\n\n<p>A decis\u00e3o foi motivada ap\u00f3s a identifica\u00e7\u00e3o de 16 casos positivos para a Covid-19 e outros casos de sintom\u00e1ticos respirat\u00f3rios entre estudantes da unidade. A detec\u00e7\u00e3o foi confirmada ap\u00f3s a realiza\u00e7\u00e3o de testes, no&nbsp;<em>campus<\/em>, pela equipe da Secretaria Municipal de Sa\u00fade de Bom Jesus da Lapa, com servidores, na sexta-feira, 10, e com estudantes, hoje, 13, ap\u00f3s relatos de sintomas.<\/p>\n\n\n\n<p>Ainda, o Comit\u00ea Local de Acompanhamento da Amea\u00e7a do Coronav\u00edrus (COVID-19) no IF Baiano \u2013&nbsp;<em>Campus&nbsp;<\/em>Bom Jesus da Lapa, j\u00e1 foi notificado de que pais ou respons\u00e1veis de outros alunos tamb\u00e9m est\u00e3o testando positivo e\/ou apresentando sintomas gripais.<\/p>\n\n\n\n<p>Nesse sentido, a decis\u00e3o pela suspens\u00e3o das atividades presenciais est\u00e1 alicer\u00e7ada na necessidade de preservar a seguran\u00e7a de todos e, diante do atual cen\u00e1rio, busca evitar novas transmiss\u00f5es no ambiente escolar e em demais locais de conv\u00edvio da comunidade acad\u00eamica.<\/p>\n\n\n\n<p>Em atendimento \u00e0&nbsp;<a href=\"https:\/\/www.in.gov.br\/en\/web\/dou\/-\/instrucao-normativa-sgp\/sedgg\/me-n-36-de-5-de-maio-de-2022-398070016\" target=\"_blank\" rel=\"noreferrer noopener\">Instru\u00e7\u00e3o Normativa SGP\/SEDGG\/ME n\u00ba 36<\/a>, de 5 de maio de 2022, ficam mantidas as atividades presenciais para os servidores docentes e t\u00e9cnico-administrativos.<\/p>\n\n\n\n<p>FONTE DA NOT\u00cdCIA &#8211; <a href=\"https:\/\/ifbaiano.edu.br\/portal\/blog\/campus-bom-jesus-da-lapa-suspende-atividades-presenciais-apos-confirmacao-de-casos-de-covid-19\/\">Portal IFBaiano<\/a><\/p>\n\n\n\n<p>Encontrou algum erro ou deseja nos enviar sugest\u00f5es?<br>Contate-nos atrav\u00e9s do e-mail&nbsp;nce@lapa.ifbaiano.edu.br<\/p>\n\n\n\n<p>Siga-nos nas nossas redes sociais<\/p>\n\n\n\n<p><em><a href=\"https:\/\/www.instagram.com\/ifbaiano_lapa\/\" target=\"_blank\" rel=\"noreferrer noopener\">Instagram<\/a>:<\/em><\/p>\n\n\n\n<p><em><a href=\"https:\/\/pt-br.facebook.com\/pages\/category\/High-School\/IF-Baiano-Campus-Lapa-510051622500057\/\" target=\"_blank\" rel=\"noreferrer noopener\">Facebook<\/a>:<\/em><\/p>\n\n\n\n<p><em><a href=\"https:\/\/www.youtube.com\/channel\/UCg1LluhGm1a1v0apasCNWkg\" target=\"_blank\" rel=\"noreferrer noopener\">YouTube<\/a>:<\/em><\/p>\n","protected":false},"excerpt":{"rendered":"<p>Unidade ir\u00e1 retomar Atividades Pedag\u00f3gicas N\u00e3o Presenciais (APNPs) at\u00e9 o t\u00e9rmino do ano letivo 2021 A dire\u00e7\u00e3o geral do Instituto Federal Baiano \u2013&nbsp;Campus&nbsp;Bom Jesus da Lapa divulgou hoje, 13,&nbsp;portaria normativa, na qual suspende as aulas presenciais na unidade e estabelece a realiza\u00e7\u00e3o de Atividades Pedag\u00f3gicas N\u00e3o Presenciais (APNPs) at\u00e9 o t\u00e9rmino do ano letivo 2021, [&hellip;]<\/p>\n","protected":false},"author":58,"featured_media":0,"comment_status":"open","ping_status":"open","sticky":false,"template":"","format":"standard","meta":[],"categories":[64,30,24,65],"tags":[],"_links":{"self":[{"href":"https:\/\/www.ifbaiano.edu.br\/unidades\/lapa\/wp-json\/wp\/v2\/posts\/23260"}],"collection":[{"href":"https:\/\/www.ifbaiano.edu.br\/unidades\/lapa\/wp-json\/wp\/v2\/posts"}],"about":[{"href":"https:\/\/www.ifbaiano.edu.br\/unidades\/lapa\/wp-json\/wp\/v2\/types\/post"}],"author":[{"embeddable":true,"href":"https:\/\/www.ifbaiano.edu.br\/unidades\/lapa\/wp-json\/wp\/v2\/users\/58"}],"replies":[{"embeddable":true,"href":"https:\/\/www.ifbaiano.edu.br\/unidades\/lapa\/wp-json\/wp\/v2\/comments?post=23260"}],"version-history":[{"count":2,"href":"https:\/\/www.ifbaiano.edu.br\/unidades\/lapa\/wp-json\/wp\/v2\/posts\/23260\/revisions"}],"predecessor-version":[{"id":23262,"href":"https:\/\/www.ifbaiano.edu.br\/unidades\/lapa\/wp-json\/wp\/v2\/posts\/23260\/revisions\/23262"}],"wp:attachment":[{"href":"https:\/\/www.ifbaiano.edu.br\/unidades\/lapa\/wp-json\/wp\/v2\/media?parent=23260"}],"wp:term":[{"taxonomy":"category","embeddable":true,"href":"https:\/\/www.ifbaiano.edu.br\/unidades\/lapa\/wp-json\/wp\/v2\/categories?post=23260"},{"taxonomy":"post_tag","embeddable":true,"href":"https:\/\/www.ifbaiano.edu.br\/unidades\/lapa\/wp-json\/wp\/v2\/tags?post=23260"}],"curies":[{"name":"wp","href":"https:\/\/api.w.org\/{rel}","templated":true}]}}