{"id":23366,"date":"2022-07-06T21:45:42","date_gmt":"2022-07-07T00:45:42","guid":{"rendered":"https:\/\/www.ifbaiano.edu.br\/unidades\/lapa\/?p=23366"},"modified":"2022-07-06T21:52:13","modified_gmt":"2022-07-07T00:52:13","slug":"processo-eleitoral-conselho-de-ensino-pesquisa-e-extensao-2022-2024","status":"publish","type":"post","link":"https:\/\/www.ifbaiano.edu.br\/unidades\/lapa\/2022\/07\/06\/processo-eleitoral-conselho-de-ensino-pesquisa-e-extensao-2022-2024\/","title":{"rendered":"Processo Eleitoral &#8211; Conselho de Ensino, Pesquisa e Extens\u00e3o 2022-2024"},"content":{"rendered":"\n<p>Comunicamos que est\u00e3o abertas as inscri\u00e7\u00f5es\/candidaturas para o processo eleitoral para a escolha dos&nbsp;<strong>representantes de estudantes egressos<\/strong>&nbsp;que compor\u00e3o o Conselho de Ensino, Pesquisa e Extens\u00e3o (CEPE) do Instituto Federal de Educa\u00e7\u00e3o, Ci\u00eancia e Tecnologia Baiano, bi\u00eanio 2022-2024.<\/p>\n\n\n\n<p><br><strong>O processo eleitoral ocorrer\u00e1 para a escolha de:<\/strong><br><\/p>\n\n\n\n<p>01 (um\/uma) representante dos(as) egressos(as) do IF Baiano, salvo os impedimentos dispostos no Art. 13 do Edital 118\/2022.<\/p>\n\n\n\n<p><br>Ser\u00e1 eleito(a), para substitui\u00e7\u00e3o do(a) eleito(a) titular, um(a) suplente, de acordo com a classifica\u00e7\u00e3o no pleito eleitoral.<\/p>\n\n\n\n<p>As inscri\u00e7\u00f5es\/candidaturas ocorrem no per\u00edodo de&nbsp;<strong>02\/07 a&nbsp;12\/07\/2022<\/strong>, mediante envio da documenta\u00e7\u00e3o para o e-mail&nbsp;cec.cepe@ifbaiano.edu.br<br><\/p>\n\n\n\n<p>Para maiores informa\u00e7\u00f5es sobre as condi\u00e7\u00f5es para participa\u00e7\u00e3o nesta elei\u00e7\u00e3o, acesse o Edital n\u00ba 118\/2022, dispon\u00edvel em&nbsp;<a rel=\"noreferrer noopener\" target=\"_blank\" href=\"https:\/\/concurso.ifbaiano.edu.br\/portal\/escolha-membros-egressos-cepe-2022-2024\/\">https:\/\/concurso.ifbaiano.edu.br\/portal\/escolha-membros-egressos-cepe-2022-2024\/<\/a><\/p>\n\n\n\n<figure class=\"wp-block-image size-full\"><img decoding=\"async\" loading=\"lazy\" width=\"1080\" height=\"1080\" src=\"https:\/\/www.ifbaiano.edu.br\/unidades\/lapa\/files\/2022\/07\/Card.-Processo-Eleitoral-CEPE-2022-2024.-Egressos.jpeg\" alt=\"\" class=\"wp-image-23367\" \/><\/figure>\n\n\n\n<p>Encontrou algum erro ou deseja nos enviar sugest\u00f5es?<br>Contate-nos atrav\u00e9s do e-mail&nbsp;nce@lapa.ifbaiano.edu.br<\/p>\n\n\n\n<p>Siga-nos nas nossas redes sociais<\/p>\n\n\n\n<p><em><a href=\"https:\/\/www.instagram.com\/ifbaiano_lapa\/\" target=\"_blank\" rel=\"noreferrer noopener\">Instagram<\/a>:<\/em><\/p>\n\n\n\n<p><em><a href=\"https:\/\/pt-br.facebook.com\/pages\/category\/High-School\/IF-Baiano-Campus-Lapa-510051622500057\/\" target=\"_blank\" rel=\"noreferrer noopener\">Facebook<\/a>:<\/em><\/p>\n\n\n\n<p><em><a href=\"https:\/\/www.youtube.com\/channel\/UCg1LluhGm1a1v0apasCNWkg\" target=\"_blank\" rel=\"noreferrer noopener\">YouTube<\/a>:<\/em><\/p>\n","protected":false},"excerpt":{"rendered":"<p>Comunicamos que est\u00e3o abertas as inscri\u00e7\u00f5es\/candidaturas para o processo eleitoral para a escolha dos&nbsp;representantes de estudantes egressos&nbsp;que compor\u00e3o o Conselho de Ensino, Pesquisa e Extens\u00e3o (CEPE) do Instituto Federal de Educa\u00e7\u00e3o, Ci\u00eancia e Tecnologia Baiano, bi\u00eanio 2022-2024. O processo eleitoral ocorrer\u00e1 para a escolha de: 01 (um\/uma) representante dos(as) egressos(as) do IF Baiano, salvo os [&hellip;]<\/p>\n","protected":false},"author":58,"featured_media":23367,"comment_status":"open","ping_status":"open","sticky":false,"template":"","format":"standard","meta":[],"categories":[24,65],"tags":[],"_links":{"self":[{"href":"https:\/\/www.ifbaiano.edu.br\/unidades\/lapa\/wp-json\/wp\/v2\/posts\/23366"}],"collection":[{"href":"https:\/\/www.ifbaiano.edu.br\/unidades\/lapa\/wp-json\/wp\/v2\/posts"}],"about":[{"href":"https:\/\/www.ifbaiano.edu.br\/unidades\/lapa\/wp-json\/wp\/v2\/types\/post"}],"author":[{"embeddable":true,"href":"https:\/\/www.ifbaiano.edu.br\/unidades\/lapa\/wp-json\/wp\/v2\/users\/58"}],"replies":[{"embeddable":true,"href":"https:\/\/www.ifbaiano.edu.br\/unidades\/lapa\/wp-json\/wp\/v2\/comments?post=23366"}],"version-history":[{"count":2,"href":"https:\/\/www.ifbaiano.edu.br\/unidades\/lapa\/wp-json\/wp\/v2\/posts\/23366\/revisions"}],"predecessor-version":[{"id":23369,"href":"https:\/\/www.ifbaiano.edu.br\/unidades\/lapa\/wp-json\/wp\/v2\/posts\/23366\/revisions\/23369"}],"wp:featuredmedia":[{"embeddable":true,"href":"https:\/\/www.ifbaiano.edu.br\/unidades\/lapa\/wp-json\/wp\/v2\/media\/23367"}],"wp:attachment":[{"href":"https:\/\/www.ifbaiano.edu.br\/unidades\/lapa\/wp-json\/wp\/v2\/media?parent=23366"}],"wp:term":[{"taxonomy":"category","embeddable":true,"href":"https:\/\/www.ifbaiano.edu.br\/unidades\/lapa\/wp-json\/wp\/v2\/categories?post=23366"},{"taxonomy":"post_tag","embeddable":true,"href":"https:\/\/www.ifbaiano.edu.br\/unidades\/lapa\/wp-json\/wp\/v2\/tags?post=23366"}],"curies":[{"name":"wp","href":"https:\/\/api.w.org\/{rel}","templated":true}]}}