{"id":23440,"date":"2022-07-26T16:48:19","date_gmt":"2022-07-26T19:48:19","guid":{"rendered":"https:\/\/www.ifbaiano.edu.br\/unidades\/lapa\/?p=23440"},"modified":"2022-07-26T16:48:19","modified_gmt":"2022-07-26T19:48:19","slug":"rematricula-2022-1-cursos-tecnicos-integrados","status":"publish","type":"post","link":"https:\/\/www.ifbaiano.edu.br\/unidades\/lapa\/2022\/07\/26\/rematricula-2022-1-cursos-tecnicos-integrados\/","title":{"rendered":"Rematr\u00edcula 2022.1 \u2013 Cursos T\u00e9cnicos Integrados"},"content":{"rendered":"\n<p>A renova\u00e7\u00e3o de matr\u00edcula dever\u00e1 ser realizada do dia&nbsp;27 de julho&nbsp;de 2022 at\u00e9 \u00e0s 23h59min do dia&nbsp;29 de julho&nbsp;de 2022, atrav\u00e9s do portal do aluno no Sistema Acad\u00eamico SUAP.<\/p>\n\n\n\n<p>A n\u00e3o realiza\u00e7\u00e3o da renova\u00e7\u00e3o de matr\u00edcula, no prazo estabelecido, sem justificativa legal, poder\u00e1 caracterizar uma das formas de abandono do curso e poder\u00e1 implicar no cancelamento da matr\u00edcula, nos termos da Organiza\u00e7\u00e3o Did\u00e1tica.<\/p>\n\n\n\n<p>Identificando falhas ou ajustes necess\u00e1rios na renova\u00e7\u00e3o da matr\u00edcula, a SRA poder\u00e1 convocar o(a) discente para retificar sua renova\u00e7\u00e3o de matr\u00edcula.<\/p>\n\n\n\n<p>Em caso de d\u00favidas sobre a necessidade da renova\u00e7\u00e3o de matr\u00edcula descrita neste edital, entrar em contato com a Secretaria de Registros Acad\u00eamicos(SRA) atrav\u00e9s do e-mail:&nbsp;sra@lapa.ifbaiano.edu.br<\/p>\n\n\n\n<p>1 \u2013 ORIENTA\u00c7\u00d5ES PARA ACESSAR SUAP<\/p>\n\n\n\n<p>a) Acesse: suap.ifbaiano.edu.br;<\/p>\n\n\n\n<p>b) O seu &#8220;Usu\u00e1rio&#8221; \u00e9 o n\u00famero de sua matr\u00edcula SUAP (exemplo: 20202ABC00GB0002);<\/p>\n\n\n\n<p>c) Sua senha do primeiro acesso \u00e9: If@CPF (apenas n\u00fameros \u2013 ex.: If@99999999999). Caso j\u00e1 tenha acessado, insira a nova senha que foi cadastrada;<\/p>\n\n\n\n<p>d) Para redefinir a senha de acesso ao SUAP acesse a op\u00e7\u00e3o \u201cEsqueceu ou deseja alterar sua senha?\u201d no SUAP.<\/p>\n\n\n\n<p>\u2013 Para alunos que ingressaram no IF Baiano de 2018 a 2019: O e-mail institucional\/Microsoft Teams continua com o n\u00ba de matr\u00edcula do SIGAA (Formato do e-mail:&nbsp;numero_de_matricula_do_SIGAA@alunos.ifbaiano.edu.br) e a senha permanece a mesma cadastrada anteriormente.<\/p>\n\n\n\n<p>2 \u2013 ORIENTA\u00c7\u00d5ES PARA REALIZAR A RENOVA\u00c7\u00c3O DE MATR\u00cdCULA NO SUAP (todos):<\/p>\n\n\n\n<p>a) Seguir os procedimentos disponibilizados no link:&nbsp;<a href=\"https:\/\/wiki.ifbaiano.edu.br\/bin\/view\/Wikis\/DGTI\/CODES\/Sistemas\/SUAP\/Alunos\/Rematricula\/\" target=\"_blank\" rel=\"noreferrer noopener\">https:\/\/wiki.ifbaiano.edu.br\/bin\/view\/Wikis\/DGTI\/CODES\/Sistemas\/SUAP\/Alunos\/Rematricula\/<\/a><\/p>\n\n\n\n<p>b) Permanecendo d\u00favidas, entrar em contato com a Secretaria de Registros Acad\u00eamicos atrav\u00e9s do e-mail:\u00a0sra@lapa.ifbaiano.edu.br<\/p>\n","protected":false},"excerpt":{"rendered":"<p>A renova\u00e7\u00e3o de matr\u00edcula dever\u00e1 ser realizada do dia&nbsp;27 de julho&nbsp;de 2022 at\u00e9 \u00e0s 23h59min do dia&nbsp;29 de julho&nbsp;de 2022, atrav\u00e9s do portal do aluno no Sistema Acad\u00eamico SUAP. A n\u00e3o realiza\u00e7\u00e3o da renova\u00e7\u00e3o de matr\u00edcula, no prazo estabelecido, sem justificativa legal, poder\u00e1 caracterizar uma das formas de abandono do curso e poder\u00e1 implicar no [&hellip;]<\/p>\n","protected":false},"author":150,"featured_media":23441,"comment_status":"closed","ping_status":"closed","sticky":false,"template":"","format":"standard","meta":[],"categories":[64,24,68,65],"tags":[],"_links":{"self":[{"href":"https:\/\/www.ifbaiano.edu.br\/unidades\/lapa\/wp-json\/wp\/v2\/posts\/23440"}],"collection":[{"href":"https:\/\/www.ifbaiano.edu.br\/unidades\/lapa\/wp-json\/wp\/v2\/posts"}],"about":[{"href":"https:\/\/www.ifbaiano.edu.br\/unidades\/lapa\/wp-json\/wp\/v2\/types\/post"}],"author":[{"embeddable":true,"href":"https:\/\/www.ifbaiano.edu.br\/unidades\/lapa\/wp-json\/wp\/v2\/users\/150"}],"replies":[{"embeddable":true,"href":"https:\/\/www.ifbaiano.edu.br\/unidades\/lapa\/wp-json\/wp\/v2\/comments?post=23440"}],"version-history":[{"count":1,"href":"https:\/\/www.ifbaiano.edu.br\/unidades\/lapa\/wp-json\/wp\/v2\/posts\/23440\/revisions"}],"predecessor-version":[{"id":23442,"href":"https:\/\/www.ifbaiano.edu.br\/unidades\/lapa\/wp-json\/wp\/v2\/posts\/23440\/revisions\/23442"}],"wp:featuredmedia":[{"embeddable":true,"href":"https:\/\/www.ifbaiano.edu.br\/unidades\/lapa\/wp-json\/wp\/v2\/media\/23441"}],"wp:attachment":[{"href":"https:\/\/www.ifbaiano.edu.br\/unidades\/lapa\/wp-json\/wp\/v2\/media?parent=23440"}],"wp:term":[{"taxonomy":"category","embeddable":true,"href":"https:\/\/www.ifbaiano.edu.br\/unidades\/lapa\/wp-json\/wp\/v2\/categories?post=23440"},{"taxonomy":"post_tag","embeddable":true,"href":"https:\/\/www.ifbaiano.edu.br\/unidades\/lapa\/wp-json\/wp\/v2\/tags?post=23440"}],"curies":[{"name":"wp","href":"https:\/\/api.w.org\/{rel}","templated":true}]}}