{"id":23493,"date":"2022-08-11T10:25:24","date_gmt":"2022-08-11T13:25:24","guid":{"rendered":"https:\/\/www.ifbaiano.edu.br\/unidades\/lapa\/?p=23493"},"modified":"2022-08-11T10:33:03","modified_gmt":"2022-08-11T13:33:03","slug":"certificacao-tecnica-dos-cursos-integrados-e-subsequentes","status":"publish","type":"post","link":"https:\/\/www.ifbaiano.edu.br\/unidades\/lapa\/2022\/08\/11\/certificacao-tecnica-dos-cursos-integrados-e-subsequentes\/","title":{"rendered":"Certifica\u00e7\u00e3o T\u00e9cnica dos Cursos Integrados e Subsequentes"},"content":{"rendered":"\n<figure class=\"wp-block-image size-full\"><img decoding=\"async\" loading=\"lazy\" width=\"893\" height=\"893\" src=\"https:\/\/www.ifbaiano.edu.br\/unidades\/lapa\/files\/2022\/08\/card-evento-certificacao.png\" alt=\"\" class=\"wp-image-23494\" \/><\/figure>\n\n\n\n<p>Evento:<\/p>\n\n\n\n<p>Solenidade de Certifica\u00e7\u00e3o T\u00e9cnica dos Cursos da Educa\u00e7\u00e3o Profissional T\u00e9cnica de N\u00edvel M\u00e9dio.<\/p>\n\n\n\n<p>Data: 12\/08\/2022<\/p>\n\n\n\n<p>Hor\u00e1rios:<\/p>\n\n\n\n<p>09:00 &#8211; T\u00e9cnico em Agricultura integrado, T\u00e9cnico em Inform\u00e1tica e Agricultura subsequente;<br>14:00 &#8211; T\u00e9cnico em Inform\u00e1tica integrado;<br>16:30 &#8211; T\u00e9cnico em Agroecologia integrado.<\/p>\n\n\n\n<p>Local: Audit\u00f3rio do IF Baiano &#8211; Campus Bom Jesus da Lapa<br>Rodovia BR 324, Km 14 &#8211; Zona Rural, Bom Jesus da Lapa &#8211; Bahia<\/p>\n","protected":false},"excerpt":{"rendered":"<p>Evento: Solenidade de Certifica\u00e7\u00e3o T\u00e9cnica dos Cursos da Educa\u00e7\u00e3o Profissional T\u00e9cnica de N\u00edvel M\u00e9dio. Data: 12\/08\/2022 Hor\u00e1rios: 09:00 &#8211; T\u00e9cnico em Agricultura integrado, T\u00e9cnico em Inform\u00e1tica e Agricultura subsequente;14:00 &#8211; T\u00e9cnico em Inform\u00e1tica integrado;16:30 &#8211; T\u00e9cnico em Agroecologia integrado. Local: Audit\u00f3rio do IF Baiano &#8211; Campus Bom Jesus da LapaRodovia BR 324, Km 14 &#8211; [&hellip;]<\/p>\n","protected":false},"author":150,"featured_media":23494,"comment_status":"open","ping_status":"open","sticky":false,"template":"","format":"standard","meta":[],"categories":[64,24,68,69,65],"tags":[],"_links":{"self":[{"href":"https:\/\/www.ifbaiano.edu.br\/unidades\/lapa\/wp-json\/wp\/v2\/posts\/23493"}],"collection":[{"href":"https:\/\/www.ifbaiano.edu.br\/unidades\/lapa\/wp-json\/wp\/v2\/posts"}],"about":[{"href":"https:\/\/www.ifbaiano.edu.br\/unidades\/lapa\/wp-json\/wp\/v2\/types\/post"}],"author":[{"embeddable":true,"href":"https:\/\/www.ifbaiano.edu.br\/unidades\/lapa\/wp-json\/wp\/v2\/users\/150"}],"replies":[{"embeddable":true,"href":"https:\/\/www.ifbaiano.edu.br\/unidades\/lapa\/wp-json\/wp\/v2\/comments?post=23493"}],"version-history":[{"count":6,"href":"https:\/\/www.ifbaiano.edu.br\/unidades\/lapa\/wp-json\/wp\/v2\/posts\/23493\/revisions"}],"predecessor-version":[{"id":23502,"href":"https:\/\/www.ifbaiano.edu.br\/unidades\/lapa\/wp-json\/wp\/v2\/posts\/23493\/revisions\/23502"}],"wp:featuredmedia":[{"embeddable":true,"href":"https:\/\/www.ifbaiano.edu.br\/unidades\/lapa\/wp-json\/wp\/v2\/media\/23494"}],"wp:attachment":[{"href":"https:\/\/www.ifbaiano.edu.br\/unidades\/lapa\/wp-json\/wp\/v2\/media?parent=23493"}],"wp:term":[{"taxonomy":"category","embeddable":true,"href":"https:\/\/www.ifbaiano.edu.br\/unidades\/lapa\/wp-json\/wp\/v2\/categories?post=23493"},{"taxonomy":"post_tag","embeddable":true,"href":"https:\/\/www.ifbaiano.edu.br\/unidades\/lapa\/wp-json\/wp\/v2\/tags?post=23493"}],"curies":[{"name":"wp","href":"https:\/\/api.w.org\/{rel}","templated":true}]}}