{"id":23532,"date":"2022-08-22T22:14:08","date_gmt":"2022-08-23T01:14:08","guid":{"rendered":"https:\/\/www.ifbaiano.edu.br\/unidades\/lapa\/?p=23532"},"modified":"2022-08-23T11:41:56","modified_gmt":"2022-08-23T14:41:56","slug":"simposio-de-gado-de-leite-a-pasto-na-regiao-do-medio-sao-francisco","status":"publish","type":"post","link":"https:\/\/www.ifbaiano.edu.br\/unidades\/lapa\/2022\/08\/22\/simposio-de-gado-de-leite-a-pasto-na-regiao-do-medio-sao-francisco\/","title":{"rendered":"Simp\u00f3sio de Gado de Leite a Pasto na Regi\u00e3o do M\u00e9dio S\u00e3o Francisco"},"content":{"rendered":"\n<p>Est\u00e3o abertas as inscri\u00e7\u00f5es para o <strong>Simp\u00f3sio de Gado de Leite a pasto na Regi\u00e3o do M\u00e9dio S\u00e3o Francisco<\/strong>, por meio do link: <a rel=\"noreferrer noopener\" href=\"https:\/\/suap.ifbaiano.edu.br\/eventos\/inscricao_publica\/589\/\" target=\"_blank\">https:\/\/suap.ifbaiano.edu.br\/eventos\/inscricao_publica\/589\/<\/a>.<\/p>\n\n\n\n<p>Este evento, que ser\u00e1 realizado pelo IF Baiano \u2013 Campus Bom Jesus da Lapa, tem o objetivo geral de proporcionar um espa\u00e7o de forma\u00e7\u00e3o voltado ao fortalecimento da cadeia leiteira da regi\u00e3o do M\u00e9dio S\u00e3o Francisco. Ser\u00e3o contempladas discuss\u00f5es atualizadas sobre gen\u00e9tica, nutri\u00e7\u00e3o e produ\u00e7\u00e3o animal, tendo como p\u00fablico-alvo produtores, profissionais e estudantes da \u00e1rea. <strong>As atividades ocorrer\u00e3o no audit\u00f3rio do Campus no dia 26 de agosto de 2022.<\/strong><\/p>\n\n\n\n<p>O simp\u00f3sio est\u00e1 vinculado aos seguintes projetos de pesquisa e extens\u00e3o:<\/p>\n\n\n\n<ul><li>Perfil da bovinocultura leiteira no munic\u00edpio de Serra do Ramalho (BA): Subs\u00eddio para o diagn\u00f3stico e defini\u00e7\u00e3o de estrat\u00e9gias formativas e informativas visando o desenvolvimento da cadeira produtiva do leite (Edital de Extens\u00e3o N\u00ba 81\/2021\/PROEX\/CPPEX\/IFBAIANO);<\/li><li>Caracteriza\u00e7\u00e3o do manejo sanit\u00e1rio de desenvolvida por pequenos produtores rurais de bovinos leiteiros do munic\u00edpio de Serra do Ramalho (BA) (Edital n\u00ba 136, de 23 de outubro de 2020 Chamada PROPES\/Campi);<\/li><li>Caracteriza\u00e7\u00e3o da bovinocultura leiteira no munic\u00edpio de Serra do Ramalho (BA) (Chamada PROPES 08\/2021\/ PIBIC).<\/li><\/ul>\n\n\n\n<p>Parceria: Gensur Brasil, Westmilk do Brasil, Tortuga e QualityMilk.<\/p>\n\n\n\n<figure class=\"wp-block-image size-full\"><img decoding=\"async\" loading=\"lazy\" width=\"957\" height=\"1280\" src=\"https:\/\/www.ifbaiano.edu.br\/unidades\/lapa\/files\/2022\/08\/Foto-de-Gado-de-Leite-a-Pasto.jpeg\" alt=\"\" class=\"wp-image-23537\" \/><\/figure>\n","protected":false},"excerpt":{"rendered":"<p>Est\u00e3o abertas as inscri\u00e7\u00f5es para o Simp\u00f3sio de Gado de Leite a pasto na Regi\u00e3o do M\u00e9dio S\u00e3o Francisco, por meio do link: https:\/\/suap.ifbaiano.edu.br\/eventos\/inscricao_publica\/589\/. Este evento, que ser\u00e1 realizado pelo IF Baiano \u2013 Campus Bom Jesus da Lapa, tem o objetivo geral de proporcionar um espa\u00e7o de forma\u00e7\u00e3o voltado ao fortalecimento da cadeia leiteira da [&hellip;]<\/p>\n","protected":false},"author":150,"featured_media":23537,"comment_status":"open","ping_status":"open","sticky":false,"template":"","format":"standard","meta":[],"categories":[64,24,65],"tags":[],"_links":{"self":[{"href":"https:\/\/www.ifbaiano.edu.br\/unidades\/lapa\/wp-json\/wp\/v2\/posts\/23532"}],"collection":[{"href":"https:\/\/www.ifbaiano.edu.br\/unidades\/lapa\/wp-json\/wp\/v2\/posts"}],"about":[{"href":"https:\/\/www.ifbaiano.edu.br\/unidades\/lapa\/wp-json\/wp\/v2\/types\/post"}],"author":[{"embeddable":true,"href":"https:\/\/www.ifbaiano.edu.br\/unidades\/lapa\/wp-json\/wp\/v2\/users\/150"}],"replies":[{"embeddable":true,"href":"https:\/\/www.ifbaiano.edu.br\/unidades\/lapa\/wp-json\/wp\/v2\/comments?post=23532"}],"version-history":[{"count":5,"href":"https:\/\/www.ifbaiano.edu.br\/unidades\/lapa\/wp-json\/wp\/v2\/posts\/23532\/revisions"}],"predecessor-version":[{"id":23538,"href":"https:\/\/www.ifbaiano.edu.br\/unidades\/lapa\/wp-json\/wp\/v2\/posts\/23532\/revisions\/23538"}],"wp:featuredmedia":[{"embeddable":true,"href":"https:\/\/www.ifbaiano.edu.br\/unidades\/lapa\/wp-json\/wp\/v2\/media\/23537"}],"wp:attachment":[{"href":"https:\/\/www.ifbaiano.edu.br\/unidades\/lapa\/wp-json\/wp\/v2\/media?parent=23532"}],"wp:term":[{"taxonomy":"category","embeddable":true,"href":"https:\/\/www.ifbaiano.edu.br\/unidades\/lapa\/wp-json\/wp\/v2\/categories?post=23532"},{"taxonomy":"post_tag","embeddable":true,"href":"https:\/\/www.ifbaiano.edu.br\/unidades\/lapa\/wp-json\/wp\/v2\/tags?post=23532"}],"curies":[{"name":"wp","href":"https:\/\/api.w.org\/{rel}","templated":true}]}}