{"id":23566,"date":"2022-08-29T20:48:38","date_gmt":"2022-08-29T23:48:38","guid":{"rendered":"https:\/\/www.ifbaiano.edu.br\/unidades\/lapa\/?p=23566"},"modified":"2022-08-29T20:48:38","modified_gmt":"2022-08-29T23:48:38","slug":"famif-2022","status":"publish","type":"post","link":"https:\/\/www.ifbaiano.edu.br\/unidades\/lapa\/2022\/08\/29\/famif-2022\/","title":{"rendered":"FAMIF 2022"},"content":{"rendered":"\n<p><strong>Prepara a voz, alonga o corpo, ensaia tua performance, porque este ano tem&#8230; o Festival de Arte e M\u00fasica do IF Baiano 2022 vai ser presencial!<\/strong><\/p>\n\n\n\n<p><\/p>\n\n\n\n<p>Tava com saudade, n\u00e9?! N\u00f3s tamb\u00e9m!\u00a0<br>As inscri\u00e7\u00f5es est\u00e3o abertas de\u00a026 de agosto\u00a0a\u00a030 de setembro\u00a0e a primeira fase ser\u00e1 em outubro.<br>Estudantes &#8211; regulares ou egressos, servidores, terceirizados e estagi\u00e1rios: n\u00f3s queremos conhecer os seus talentos. Afinal, viver \u00e9 uma arte!<\/p>\n\n\n\n<p><br>Informa\u00e7\u00f5es:<br><a rel=\"noreferrer noopener\" target=\"_blank\" href=\"https:\/\/ifbaiano.edu.br\/portal\/extensao\/famif-baiano-2022\/\">https:\/\/ifbaiano.edu.br\/portal\/extensao\/famif-baiano-2022\/<\/a><br><br>Est\u00e1 com d\u00favida? Entre em contato com a coordena\u00e7\u00e3o de extens\u00e3o do Campus:\u00a0 extens\u00e3o@lapa.ifbaiano.edu.br<\/p>\n\n\n\n<figure class=\"wp-block-image size-full\"><img decoding=\"async\" loading=\"lazy\" width=\"1080\" height=\"1080\" src=\"https:\/\/www.ifbaiano.edu.br\/unidades\/lapa\/files\/2022\/08\/20677575-0cb7-4fae-93e7-3a8dc2a2a284.jpg\" alt=\"\" class=\"wp-image-23567\" \/><\/figure>\n","protected":false},"excerpt":{"rendered":"<p>Prepara a voz, alonga o corpo, ensaia tua performance, porque este ano tem&#8230; o Festival de Arte e M\u00fasica do IF Baiano 2022 vai ser presencial! Tava com saudade, n\u00e9?! N\u00f3s tamb\u00e9m!\u00a0As inscri\u00e7\u00f5es est\u00e3o abertas de\u00a026 de agosto\u00a0a\u00a030 de setembro\u00a0e a primeira fase ser\u00e1 em outubro.Estudantes &#8211; regulares ou egressos, servidores, terceirizados e estagi\u00e1rios: n\u00f3s [&hellip;]<\/p>\n","protected":false},"author":58,"featured_media":23567,"comment_status":"open","ping_status":"open","sticky":false,"template":"","format":"standard","meta":[],"categories":[24,65],"tags":[],"_links":{"self":[{"href":"https:\/\/www.ifbaiano.edu.br\/unidades\/lapa\/wp-json\/wp\/v2\/posts\/23566"}],"collection":[{"href":"https:\/\/www.ifbaiano.edu.br\/unidades\/lapa\/wp-json\/wp\/v2\/posts"}],"about":[{"href":"https:\/\/www.ifbaiano.edu.br\/unidades\/lapa\/wp-json\/wp\/v2\/types\/post"}],"author":[{"embeddable":true,"href":"https:\/\/www.ifbaiano.edu.br\/unidades\/lapa\/wp-json\/wp\/v2\/users\/58"}],"replies":[{"embeddable":true,"href":"https:\/\/www.ifbaiano.edu.br\/unidades\/lapa\/wp-json\/wp\/v2\/comments?post=23566"}],"version-history":[{"count":2,"href":"https:\/\/www.ifbaiano.edu.br\/unidades\/lapa\/wp-json\/wp\/v2\/posts\/23566\/revisions"}],"predecessor-version":[{"id":23569,"href":"https:\/\/www.ifbaiano.edu.br\/unidades\/lapa\/wp-json\/wp\/v2\/posts\/23566\/revisions\/23569"}],"wp:featuredmedia":[{"embeddable":true,"href":"https:\/\/www.ifbaiano.edu.br\/unidades\/lapa\/wp-json\/wp\/v2\/media\/23567"}],"wp:attachment":[{"href":"https:\/\/www.ifbaiano.edu.br\/unidades\/lapa\/wp-json\/wp\/v2\/media?parent=23566"}],"wp:term":[{"taxonomy":"category","embeddable":true,"href":"https:\/\/www.ifbaiano.edu.br\/unidades\/lapa\/wp-json\/wp\/v2\/categories?post=23566"},{"taxonomy":"post_tag","embeddable":true,"href":"https:\/\/www.ifbaiano.edu.br\/unidades\/lapa\/wp-json\/wp\/v2\/tags?post=23566"}],"curies":[{"name":"wp","href":"https:\/\/api.w.org\/{rel}","templated":true}]}}