{"id":23578,"date":"2022-09-03T11:09:32","date_gmt":"2022-09-03T14:09:32","guid":{"rendered":"https:\/\/www.ifbaiano.edu.br\/unidades\/lapa\/?p=23578"},"modified":"2022-09-03T11:09:33","modified_gmt":"2022-09-03T14:09:33","slug":"convocacao-de-lista-de-espera-edital-16-2022-curso-superior-de-gestao-de-ti","status":"publish","type":"post","link":"https:\/\/www.ifbaiano.edu.br\/unidades\/lapa\/2022\/09\/03\/convocacao-de-lista-de-espera-edital-16-2022-curso-superior-de-gestao-de-ti\/","title":{"rendered":"Convoca\u00e7\u00e3o de Lista de Espera &#8211; Edital 16\/2022 &#8211; Curso Superior de Gest\u00e3o de TI"},"content":{"rendered":"\n<p><strong>O DIRETOR-GERAL DO INSTITUTO FEDERAL DE EDUCA\u00c7\u00c3O, CI\u00caNCIA E TECNOLOGIA BAIANO (IF BAIANO)\u00a0\u2013\u00a0<em>CAMPUS<\/em>\u00a0BOM JESUS DA LAPA<\/strong>, no uso de suas atribui\u00e7\u00f5es legais torna publica a convoca\u00e7\u00e3o de lista de espera para  matricula para o curso superior de Gest\u00e3o da Tecnologia da Informa\u00e7\u00e3o, para acessar clique no link abaixo<\/p>\n\n\n\n<p><\/p>\n\n\n\n<p><a href=\"http:\/\/www.ifbaiano.edu.br\/unidades\/lapa\/edital-16-2022-vagas-remanes-gti\">CLIQUE AQUI <br><\/a><br><\/p>\n","protected":false},"excerpt":{"rendered":"<p>O DIRETOR-GERAL DO INSTITUTO FEDERAL DE EDUCA\u00c7\u00c3O, CI\u00caNCIA E TECNOLOGIA BAIANO (IF BAIANO)\u00a0\u2013\u00a0CAMPUS\u00a0BOM JESUS DA LAPA, no uso de suas atribui\u00e7\u00f5es legais torna publica a convoca\u00e7\u00e3o de lista de espera para matricula para o curso superior de Gest\u00e3o da Tecnologia da Informa\u00e7\u00e3o, para acessar clique no link abaixo CLIQUE AQUI<\/p>\n","protected":false},"author":58,"featured_media":0,"comment_status":"open","ping_status":"open","sticky":false,"template":"","format":"standard","meta":[],"categories":[64,112,70,65],"tags":[],"_links":{"self":[{"href":"https:\/\/www.ifbaiano.edu.br\/unidades\/lapa\/wp-json\/wp\/v2\/posts\/23578"}],"collection":[{"href":"https:\/\/www.ifbaiano.edu.br\/unidades\/lapa\/wp-json\/wp\/v2\/posts"}],"about":[{"href":"https:\/\/www.ifbaiano.edu.br\/unidades\/lapa\/wp-json\/wp\/v2\/types\/post"}],"author":[{"embeddable":true,"href":"https:\/\/www.ifbaiano.edu.br\/unidades\/lapa\/wp-json\/wp\/v2\/users\/58"}],"replies":[{"embeddable":true,"href":"https:\/\/www.ifbaiano.edu.br\/unidades\/lapa\/wp-json\/wp\/v2\/comments?post=23578"}],"version-history":[{"count":1,"href":"https:\/\/www.ifbaiano.edu.br\/unidades\/lapa\/wp-json\/wp\/v2\/posts\/23578\/revisions"}],"predecessor-version":[{"id":23579,"href":"https:\/\/www.ifbaiano.edu.br\/unidades\/lapa\/wp-json\/wp\/v2\/posts\/23578\/revisions\/23579"}],"wp:attachment":[{"href":"https:\/\/www.ifbaiano.edu.br\/unidades\/lapa\/wp-json\/wp\/v2\/media?parent=23578"}],"wp:term":[{"taxonomy":"category","embeddable":true,"href":"https:\/\/www.ifbaiano.edu.br\/unidades\/lapa\/wp-json\/wp\/v2\/categories?post=23578"},{"taxonomy":"post_tag","embeddable":true,"href":"https:\/\/www.ifbaiano.edu.br\/unidades\/lapa\/wp-json\/wp\/v2\/tags?post=23578"}],"curies":[{"name":"wp","href":"https:\/\/api.w.org\/{rel}","templated":true}]}}