{"id":23581,"date":"2022-09-05T20:52:19","date_gmt":"2022-09-05T23:52:19","guid":{"rendered":"https:\/\/www.ifbaiano.edu.br\/unidades\/lapa\/?p=23581"},"modified":"2022-09-05T20:52:19","modified_gmt":"2022-09-05T23:52:19","slug":"palestra-caminhos-para-a-qualidade-de-software","status":"publish","type":"post","link":"https:\/\/www.ifbaiano.edu.br\/unidades\/lapa\/2022\/09\/05\/palestra-caminhos-para-a-qualidade-de-software\/","title":{"rendered":"Palestra &#8211; Caminhos para a Qualidade de Software"},"content":{"rendered":"\n<p>O curso Superior de Tecnologia em Gest\u00e3o da Tecnologia da Informa\u00e7\u00e3o, realizar\u00e1 palestra \u00a0dia\u00a006\/09\/2022\u00a0\u00e0s 19:30h, intitulada &#8220;Caminhos para qualidade software&#8221; no audit\u00f3rio do IF Baiano &#8211; Campus Bom Jesus da Lapa<\/p>\n\n\n\n<p><\/p>\n\n\n\n<figure class=\"wp-block-image size-full\"><img decoding=\"async\" loading=\"lazy\" width=\"941\" height=\"941\" src=\"https:\/\/www.ifbaiano.edu.br\/unidades\/lapa\/files\/2022\/09\/car-da-palestra.jpeg\" alt=\"\" class=\"wp-image-23582\" \/><\/figure>\n","protected":false},"excerpt":{"rendered":"<p>O curso Superior de Tecnologia em Gest\u00e3o da Tecnologia da Informa\u00e7\u00e3o, realizar\u00e1 palestra \u00a0dia\u00a006\/09\/2022\u00a0\u00e0s 19:30h, intitulada &#8220;Caminhos para qualidade software&#8221; no audit\u00f3rio do IF Baiano &#8211; Campus Bom Jesus da Lapa<\/p>\n","protected":false},"author":58,"featured_media":0,"comment_status":"open","ping_status":"open","sticky":false,"template":"","format":"standard","meta":[],"categories":[64,112,24,70,65],"tags":[],"_links":{"self":[{"href":"https:\/\/www.ifbaiano.edu.br\/unidades\/lapa\/wp-json\/wp\/v2\/posts\/23581"}],"collection":[{"href":"https:\/\/www.ifbaiano.edu.br\/unidades\/lapa\/wp-json\/wp\/v2\/posts"}],"about":[{"href":"https:\/\/www.ifbaiano.edu.br\/unidades\/lapa\/wp-json\/wp\/v2\/types\/post"}],"author":[{"embeddable":true,"href":"https:\/\/www.ifbaiano.edu.br\/unidades\/lapa\/wp-json\/wp\/v2\/users\/58"}],"replies":[{"embeddable":true,"href":"https:\/\/www.ifbaiano.edu.br\/unidades\/lapa\/wp-json\/wp\/v2\/comments?post=23581"}],"version-history":[{"count":1,"href":"https:\/\/www.ifbaiano.edu.br\/unidades\/lapa\/wp-json\/wp\/v2\/posts\/23581\/revisions"}],"predecessor-version":[{"id":23583,"href":"https:\/\/www.ifbaiano.edu.br\/unidades\/lapa\/wp-json\/wp\/v2\/posts\/23581\/revisions\/23583"}],"wp:attachment":[{"href":"https:\/\/www.ifbaiano.edu.br\/unidades\/lapa\/wp-json\/wp\/v2\/media?parent=23581"}],"wp:term":[{"taxonomy":"category","embeddable":true,"href":"https:\/\/www.ifbaiano.edu.br\/unidades\/lapa\/wp-json\/wp\/v2\/categories?post=23581"},{"taxonomy":"post_tag","embeddable":true,"href":"https:\/\/www.ifbaiano.edu.br\/unidades\/lapa\/wp-json\/wp\/v2\/tags?post=23581"}],"curies":[{"name":"wp","href":"https:\/\/api.w.org\/{rel}","templated":true}]}}